{"id":181130,"date":"2026-03-02T09:08:31","date_gmt":"2026-03-02T08:08:31","guid":{"rendered":"https:\/\/we-net.ch\/?p=181130"},"modified":"2026-03-03T10:11:14","modified_gmt":"2026-03-03T09:11:14","slug":"i-cambiamenti-demografici-e-il-mercato-immobiliare-svizzero-perche-le-abitazioni-adatte-alleta-diventano-sempre-piu-importanti","status":"publish","type":"post","link":"https:\/\/staging.we-net.ch\/it\/i-cambiamenti-demografici-e-il-mercato-immobiliare-svizzero-perche-le-abitazioni-adatte-alleta-diventano-sempre-piu-importanti\/","title":{"rendered":"Cambiamenti demografici e mercato immobiliare svizzero: perch\u00e9 \u00e8 sempre pi\u00f9 importante abitare in modo adeguato all'et\u00e0"},"content":{"rendered":"<div data-elementor-type=\"wp-post\" data-elementor-id=\"181130\" class=\"elementor elementor-181130\" data-elementor-post-type=\"post\">\n\t\t\t\t<div class=\"elementor-element elementor-element-31fb1472 e-flex e-con-boxed e-con e-parent\" data-id=\"31fb1472\" data-element_type=\"container\" data-e-type=\"container\">\n\t\t\t\t\t<div class=\"e-con-inner\">\n\t\t\t\t<div class=\"elementor-element elementor-element-7d1bf485 elementor-widget elementor-widget-text-editor\" data-id=\"7d1bf485\" data-element_type=\"widget\" data-e-type=\"widget\" id=\"textContent\" data-widget_type=\"text-editor.default\">\n\t\t\t\t<div class=\"elementor-widget-container\">\n\t\t\t\t\t\t\t\t\t<p>Il mercato immobiliare svizzero sta attraversando una fase di cambiamento strutturale. Se negli ultimi anni l'attenzione si \u00e8 concentrata soprattutto sulla situazione dei tassi d'interesse, sull'andamento dei prezzi e sulla carenza di alloggi, ora un fattore a lungo termine sta assumendo sempre pi\u00f9 importanza: il cambiamento demografico.<\/p><p>La popolazione svizzera sta invecchiando e questa tendenza non \u00e8 n\u00e9 congiunturale n\u00e9 a breve termine. Si tratta piuttosto di un'evoluzione che plasmer\u00e0 il mercato immobiliare per i decenni a venire. Per i proprietari di immobili, gli investitori e gli sviluppatori di progetti, questo crea nuove sfide, ma anche opportunit\u00e0 sostenibili.<\/p><h3>Che cos'\u00e8 una vita adeguata all'et\u00e0?<\/h3><p>L'abitare a misura di anziano si riferisce a concetti di vita moderni per le persone anziane che combinano comfort, sicurezza e indipendenza. Si tratta di appartamenti adatti all'et\u00e0, case senza barriere, abitazioni assistite e quartieri intergenerazionali. L'obiettivo \u00e8 consentire ai residenti di condurre una vita autodeterminata, spesso in prossimit\u00e0 di cure mediche e servizi sociali.<\/p><h2>L'invecchiamento della societ\u00e0 sta cambiando la domanda di alloggi<\/h2><p>L'aspettativa di vita in Svizzera \u00e8 tra le pi\u00f9 alte al mondo. Allo stesso tempo, una grande generazione sta raggiungendo l'et\u00e0 della pensione. Sempre pi\u00f9 persone cercano forme di vita che combinino comfort, sicurezza e indipendenza.<\/p><p>Oggi non si tratta pi\u00f9 solo di case di cura tradizionali. Piuttosto, i moderni concetti di vita come<\/p><ul><li><p>Ballerine adatte all'et\u00e0<\/p><\/li><li><p>Blocchi di appartamenti privi di barriere architettoniche<\/p><\/li><li><p>Residenza sanitaria assistita<\/p><\/li><li><p>Quartieri intergenerazionali<\/p><\/li><li><p>Appartamenti in prossimit\u00e0 di infrastrutture mediche<\/p><\/li><\/ul><p>Molti anziani vogliono vivere in modo indipendente il pi\u00f9 a lungo possibile. Il cosiddetto \u201einvecchiamento a domicilio\u201c sta diventando un tema centrale nel mercato immobiliare svizzero.<\/p><h2>L'offerta limitata soddisfa la domanda crescente<\/h2><p>Allo stesso tempo, l'offerta di immobili adatti rimane limitata. Le nuove costruzioni in Svizzera sono soggette a rigidi processi di pianificazione, a costi di costruzione crescenti e a scarse riserve di terreno edificabile. Le forme abitative specializzate stanno quindi emergendo pi\u00f9 lentamente rispetto alla crescita della domanda.<\/p><p>C'\u00e8 anche un fenomeno tipico del mercato svizzero: molti proprietari rimangono nelle loro case unifamiliari o in grandi appartamenti anche in et\u00e0 avanzata. Ci\u00f2 significa che si rende disponibile meno spazio abitativo, il che continua a mettere sotto pressione il mercato immobiliare generale.<\/p><p>Questa tendenza porta a una crescente importanza delle conversioni, delle modernizzazioni e degli adattamenti immobiliari mirati.<\/p><table><thead><tr><th><strong>Figura chiave<\/strong><\/th><th><strong>Stato attuale<\/strong><\/th><th><strong>Previsioni<\/strong><\/th><th><strong>Significato per il settore immobiliare<\/strong><\/th><\/tr><\/thead><tbody><tr><td>Percentuale di popolazione con pi\u00f9 di 65 anni<\/td><td>19.3 % (2023)<\/td><td>circa 26 % fino al 2055<\/td><td>Forte aumento della domanda di alloggi adeguati all'et\u00e0<\/td><\/tr><tr><td>Popolazione 80+<\/td><td>0,54 milioni di persone (2023)<\/td><td>circa 1,1 milioni entro il 2055<\/td><td>Raddoppio del fabbisogno di strutture per la vita assistita<\/td><\/tr><tr><td>Aspettativa di vita per gli uomini<\/td><td>81,9 anni<\/td><td>in ulteriore aumento<\/td><td>Fase di vita indipendente pi\u00f9 lunga<\/td><\/tr><tr><td>Aspettativa di vita per le donne<\/td><td>85,7 anni<\/td><td>in ulteriore aumento<\/td><td>Aumento della domanda di appartamenti senza barriere<\/td><\/tr><tr><td>Quoziente di et\u00e0 (65+ e 20-64 anni)<\/td><td>31 persone ogni 100 dipendenti<\/td><td>circa 48 al 2055<\/td><td>Cambiamento strutturale della domanda di alloggi<\/td><\/tr><tr><td>Famiglie private 65+<\/td><td>oltre 2,2 milioni di persone<\/td><td>in forte crescita<\/td><td>Pi\u00f9 appartamenti piccoli, orientati ai servizi<\/td><\/tr><\/tbody><\/table><h2>Abitare in modo adeguato all'et\u00e0 come strategia di propriet\u00e0 stabile<\/h2><p>Dal punto di vista dell'investitore, il segmento delle abitazioni adatte all'et\u00e0 sta diventando sempre pi\u00f9 interessante. Rispetto agli investimenti immobiliari tradizionali, \u00e8 caratterizzato da diversi fattori stabili:<\/p><ul><li><p>Domanda prevedibile a lungo termine<\/p><\/li><li><p>Bassa ciclicit\u00e0<\/p><\/li><li><p>Affittabilit\u00e0 sostenibile<\/p><\/li><li><p>Rilevanza sociale<\/p><\/li><\/ul><p>Gli investitori istituzionali, come i fondi pensione e le compagnie di assicurazione, concentrano sempre pi\u00f9 le loro strategie su forme di abitazione con esigenze di utilizzo a lungo termine. Gli immobili adattati agli sviluppi demografici sono sempre pi\u00f9 considerati una classe di attivi difensiva e orientata al futuro.<\/p><h2>La qualit\u00e0 dell'ubicazione rimane fondamentale<\/h2><p>Non tutte le localit\u00e0 sono ugualmente adatte per una vita adeguata all'et\u00e0. Localit\u00e0 con:<\/p><ul><li><p>buona assistenza medica<\/p><\/li><li><p>trasporti pubblici raggiungibili a piedi<\/p><\/li><li><p>Strutture commerciali nelle vicinanze<\/p><\/li><li><p>infrastrutture urbane con un'elevata qualit\u00e0 di vita<\/p><\/li><\/ul><p>Le regioni urbane e gli agglomerati economicamente forti hanno prospettive particolarmente stabili. Allo stesso tempo, nuove opportunit\u00e0 stanno emergendo anche nei centri regionali ben collegati.<\/p><h2>Opportunit\u00e0 per proprietari e venditori<\/h2><p>I cambiamenti demografici non riguardano solo gli investitori, ma anche i proprietari di immobili privati. Prima o poi, molti si porranno domande quali:<\/p><ul><li><p>La mia propriet\u00e0 \u00e8 adeguata all'et\u00e0 nel lungo periodo?<\/p><\/li><li><p>Qual \u00e8 la domanda futura per il mio immobile?<\/p><\/li><li><p>Ha senso una vendita, un adeguamento o un riposizionamento?<\/p><\/li><\/ul><p>Un'analisi di mercato ben fondata sta diventando sempre pi\u00f9 importante. Le decisioni immobiliari oggi sono sempre pi\u00f9 strategiche e meno puramente emotive.<\/p><h2>Competenze immobiliari attraverso i secoli<\/h2><p>In qualit\u00e0 di societ\u00e0 immobiliare, WENET AG osserva da anni con attenzione questi sviluppi strutturali. Il mercato si sta allontanando dalle tendenze a breve termine per passare a concetti di utilizzo sostenibile che tengano conto dei cambiamenti sociali.<\/p><p>Che si tratti di vendere, valutare o posizionare strategicamente un immobile: un supporto professionale aiuta a riconoscere le opportunit\u00e0 in una fase iniziale e a prendere decisioni fondate.<\/p><p>Soprattutto nel contesto dei cambiamenti demografici, \u00e8 chiaro che la propriet\u00e0 non \u00e8 solo uno spazio abitativo, ma riflette lo stile di vita e le decisioni di investimento a lungo termine.<\/p><h2>Uno sguardo al futuro<\/h2><p>Il mercato immobiliare svizzero rimane stabile, ma \u00e8 pi\u00f9 differenziato rispetto al passato. Le forme abitative per una societ\u00e0 che invecchia stanno diventando sempre pi\u00f9 parte integrante del moderno sviluppo urbano e di quartiere.<\/p><p>Chi si occupa di questi sviluppi oggi crea le basi per un valore immobiliare sostenibile domani.<\/p><p>L'abitare in base all'et\u00e0 non \u00e8 quindi una tendenza a breve termine, ma un cambiamento strutturale, e quindi un tema che accompagner\u00e0 il mercato immobiliare svizzero a lungo termine.<\/p><h3 data-start=\"1069\" data-end=\"1080\">Fonti<\/h3><ul><li data-start=\"1082\" data-end=\"1238\">Ufficio federale di statistica (UST) - Scenari demografici per la Svizzera<br data-start=\"1143\" data-end=\"1146\" \/><a class=\"decorated-link\" href=\"https:\/\/www.bfs.admin.ch\/bfs\/de\/home\/statistiken\/bevoelkerung\/zukuenftige-entwicklung.html\" target=\"_new\" rel=\"noopener\" data-start=\"1146\" data-end=\"1236\">https:\/\/www.bfs.admin.ch\/bfs\/de\/home\/statistiken\/bevoelkerung\/zukuenftige-entwicklung.html<\/a><\/li><li data-start=\"1240\" data-end=\"1403\">Ufficio federale di statistica (UST) - Aspettativa di vita in Svizzera<br data-start=\"1295\" data-end=\"1298\" \/><a class=\"decorated-link\" href=\"https:\/\/www.bfs.admin.ch\/bfs\/de\/home\/statistiken\/bevoelkerung\/geburten-todesfaelle\/lebenserwartung.html\" target=\"_new\" rel=\"noopener\" data-start=\"1298\" data-end=\"1401\">https:\/\/www.bfs.admin.ch\/bfs\/de\/home\/statistiken\/bevoelkerung\/geburten-todesfaelle\/lebenserwartung.html<\/a><\/li><li data-start=\"1405\" data-end=\"1503\">Dati OCSE - Demografia e invecchiamento Svizzera<br data-start=\"1450\" data-end=\"1453\" \/><a class=\"decorated-link\" href=\"https:\/\/data.oecd.org\/pop\/elderly-population.htm\" target=\"_new\" rel=\"noopener\" data-start=\"1453\" data-end=\"1501\">https:\/\/data.oecd.org\/pop\/elderly-population.htm<\/a><\/li><li data-start=\"1505\" data-end=\"1650\">Eurostat - Struttura della popolazione e invecchiamento<br data-start=\"1547\" data-end=\"1550\" \/><a class=\"decorated-link cursor-pointer\" href=\"https:\/\/ec.europa.eu\/eurostat\/statistics-explained\/index.php?title=Population_structure_and_ageing\" target=\"_new\" rel=\"noopener\" data-start=\"1550\" data-end=\"1648\">https:\/\/ec.europa.eu\/eurostat\/statistics-explained\/index.php?title=Population_structure_and_ageing<\/a><\/li><\/ul>\t\t\t\t\t\t\t\t<\/div>\n\t\t\t\t<\/div>\n\t\t\t\t\t<\/div>\n\t\t\t\t<\/div>\n\t\t\t\t<\/div>","protected":false},"excerpt":{"rendered":"<p>Il mercato immobiliare svizzero sta attraversando una fase di cambiamento strutturale. Se negli ultimi anni l'attenzione si \u00e8 concentrata soprattutto sulla situazione dei tassi d'interesse, sull'andamento dei prezzi e sulla carenza di alloggi, ora un fattore a lungo termine sta assumendo sempre pi\u00f9 importanza: il cambiamento demografico.<\/p>","protected":false},"author":9039,"featured_media":181265,"comment_status":"closed","ping_status":"open","sticky":false,"template":"","format":"standard","meta":{"_acf_changed":false,"_rtcl_gb_attr":"","inline_featured_image":false,"footnotes":""},"categories":[13470,13476],"tags":[13484,13825,13824],"post_folder":[],"class_list":["post-181130","post","type-post","status-publish","format-standard","has-post-thumbnail","hentry","category-immobilienmarkt-schweiz","category-wohntrends-in-der-schweiz","tag-immobilien-schweiz","tag-immobilienetwicklung","tag-immobilienprojekte"],"acf":[],"yoast_head":"<!-- This site is optimized with the Yoast SEO Premium plugin v24.2 (Yoast SEO v27.1.1) - https:\/\/yoast.com\/product\/yoast-seo-premium-wordpress\/ -->\n<title>Warum Altersgerechtes Wohnen zunehmend an Bedeutung gewinnt - WENET AG<\/title>\n<meta name=\"description\" content=\"Der Schweizer Immobilienmarkt befindet sich in einer Phase struktureller Ver\u00e4nderungen. W\u00e4hrend in den vergangenen Jahren vor allem Zinssituation, Preisentwicklung und Wohnraummangel im Fokus standen, r\u00fcckt nun ein langfristiger Treiber immer st\u00e4rker in den Mittelpunkt: der demografische Wandel.\" \/>\n<meta name=\"robots\" content=\"index, follow, max-snippet:-1, max-image-preview:large, max-video-preview:-1\" \/>\n<link rel=\"canonical\" href=\"https:\/\/we-net.ch\/demografischer-wandel-und-immobilienmarkt-schweiz-warum-altersgerechtes-wohnen-zunehmend-an-bedeutung-gewinnt\/\" \/>\n<meta property=\"og:locale\" content=\"it_IT\" \/>\n<meta property=\"og:type\" content=\"article\" \/>\n<meta property=\"og:title\" content=\"Demografischer Wandel und Immobilienmarkt Schweiz: Warum Altersgerechtes Wohnen zunehmend an Bedeutung gewinnt\" \/>\n<meta property=\"og:description\" content=\"Der Schweizer Immobilienmarkt befindet sich in einer Phase struktureller Ver\u00e4nderungen. W\u00e4hrend in den vergangenen Jahren vor allem Zinssituation, Preisentwicklung und Wohnraummangel im Fokus standen, r\u00fcckt nun ein langfristiger Treiber immer st\u00e4rker in den Mittelpunkt: der demografische Wandel.\" \/>\n<meta property=\"og:url\" content=\"https:\/\/we-net.ch\/demografischer-wandel-und-immobilienmarkt-schweiz-warum-altersgerechtes-wohnen-zunehmend-an-bedeutung-gewinnt\/\" \/>\n<meta property=\"og:site_name\" content=\"WENET AG\" \/>\n<meta property=\"article:published_time\" content=\"2026-03-02T08:08:31+00:00\" \/>\n<meta property=\"article:modified_time\" content=\"2026-03-03T09:11:14+00:00\" \/>\n<meta property=\"og:image\" content=\"https:\/\/we-net.ch\/wp-content\/uploads\/2026\/03\/2Mar-2.jpg\" \/>\n\t<meta property=\"og:image:width\" content=\"1215\" \/>\n\t<meta property=\"og:image:height\" content=\"635\" \/>\n\t<meta property=\"og:image:type\" content=\"image\/jpeg\" \/>\n<meta name=\"author\" content=\"frontend-artur\" \/>\n<meta name=\"twitter:card\" content=\"summary_large_image\" \/>\n<meta name=\"twitter:label1\" content=\"Scritto da\" \/>\n\t<meta name=\"twitter:data1\" content=\"frontend-artur\" \/>\n\t<meta name=\"twitter:label2\" content=\"Tempo di lettura stimato\" \/>\n\t<meta name=\"twitter:data2\" content=\"4 minuti\" \/>\n<!-- \/ Yoast SEO Premium plugin. -->","yoast_head_json":{"title":"Perch\u00e9 \u00e8 sempre pi\u00f9 importante vivere in modo adeguato all'et\u00e0 - WENET AG","description":"Il mercato immobiliare svizzero sta attraversando una fase di cambiamento strutturale. Se negli ultimi anni l'attenzione si \u00e8 concentrata soprattutto sulla situazione dei tassi d'interesse, sull'andamento dei prezzi e sulla carenza di alloggi, ora un fattore a lungo termine sta assumendo sempre pi\u00f9 importanza: il cambiamento demografico.","robots":{"index":"index","follow":"follow","max-snippet":"max-snippet:-1","max-image-preview":"max-image-preview:large","max-video-preview":"max-video-preview:-1"},"canonical":"https:\/\/we-net.ch\/demografischer-wandel-und-immobilienmarkt-schweiz-warum-altersgerechtes-wohnen-zunehmend-an-bedeutung-gewinnt\/","og_locale":"it_IT","og_type":"article","og_title":"Demografischer Wandel und Immobilienmarkt Schweiz: Warum Altersgerechtes Wohnen zunehmend an Bedeutung gewinnt","og_description":"Der Schweizer Immobilienmarkt befindet sich in einer Phase struktureller Ver\u00e4nderungen. W\u00e4hrend in den vergangenen Jahren vor allem Zinssituation, Preisentwicklung und Wohnraummangel im Fokus standen, r\u00fcckt nun ein langfristiger Treiber immer st\u00e4rker in den Mittelpunkt: der demografische Wandel.","og_url":"https:\/\/we-net.ch\/demografischer-wandel-und-immobilienmarkt-schweiz-warum-altersgerechtes-wohnen-zunehmend-an-bedeutung-gewinnt\/","og_site_name":"WENET AG","article_published_time":"2026-03-02T08:08:31+00:00","article_modified_time":"2026-03-03T09:11:14+00:00","og_image":[{"width":1215,"height":635,"url":"https:\/\/we-net.ch\/wp-content\/uploads\/2026\/03\/2Mar-2.jpg","type":"image\/jpeg"}],"author":"frontend-artur","twitter_card":"summary_large_image","twitter_misc":{"Scritto da":"frontend-artur","Tempo di lettura stimato":"4 minuti"},"schema":{"@context":"https:\/\/schema.org","@graph":[{"@type":"Article","@id":"https:\/\/we-net.ch\/demografischer-wandel-und-immobilienmarkt-schweiz-warum-altersgerechtes-wohnen-zunehmend-an-bedeutung-gewinnt\/#article","isPartOf":{"@id":"https:\/\/we-net.ch\/demografischer-wandel-und-immobilienmarkt-schweiz-warum-altersgerechtes-wohnen-zunehmend-an-bedeutung-gewinnt\/"},"author":{"name":"frontend-artur","@id":"https:\/\/we-net.ch\/#\/schema\/person\/d161870c00da773f334320e0e00ebb11"},"headline":"Demografischer Wandel und Immobilienmarkt Schweiz: Warum Altersgerechtes Wohnen zunehmend an Bedeutung gewinnt","datePublished":"2026-03-02T08:08:31+00:00","dateModified":"2026-03-03T09:11:14+00:00","mainEntityOfPage":{"@id":"https:\/\/we-net.ch\/demografischer-wandel-und-immobilienmarkt-schweiz-warum-altersgerechtes-wohnen-zunehmend-an-bedeutung-gewinnt\/"},"wordCount":838,"publisher":{"@id":"https:\/\/we-net.ch\/#organization"},"image":{"@id":"https:\/\/we-net.ch\/demografischer-wandel-und-immobilienmarkt-schweiz-warum-altersgerechtes-wohnen-zunehmend-an-bedeutung-gewinnt\/#primaryimage"},"thumbnailUrl":"https:\/\/staging.we-net.ch\/wp-content\/uploads\/2026\/03\/2Mar-2.jpg","keywords":["Immobilien Schweiz","Immobilienetwicklung","Immobilienprojekte"],"articleSection":["Immobilienmarkt Schweiz","Wohntrends in der Schweiz"],"inLanguage":"it-IT"},{"@type":"WebPage","@id":"https:\/\/we-net.ch\/demografischer-wandel-und-immobilienmarkt-schweiz-warum-altersgerechtes-wohnen-zunehmend-an-bedeutung-gewinnt\/","url":"https:\/\/we-net.ch\/demografischer-wandel-und-immobilienmarkt-schweiz-warum-altersgerechtes-wohnen-zunehmend-an-bedeutung-gewinnt\/","name":"Perch\u00e9 \u00e8 sempre pi\u00f9 importante vivere in modo adeguato all'et\u00e0 - WENET AG","isPartOf":{"@id":"https:\/\/we-net.ch\/#website"},"primaryImageOfPage":{"@id":"https:\/\/we-net.ch\/demografischer-wandel-und-immobilienmarkt-schweiz-warum-altersgerechtes-wohnen-zunehmend-an-bedeutung-gewinnt\/#primaryimage"},"image":{"@id":"https:\/\/we-net.ch\/demografischer-wandel-und-immobilienmarkt-schweiz-warum-altersgerechtes-wohnen-zunehmend-an-bedeutung-gewinnt\/#primaryimage"},"thumbnailUrl":"https:\/\/staging.we-net.ch\/wp-content\/uploads\/2026\/03\/2Mar-2.jpg","datePublished":"2026-03-02T08:08:31+00:00","dateModified":"2026-03-03T09:11:14+00:00","description":"Il mercato immobiliare svizzero sta attraversando una fase di cambiamento strutturale. Se negli ultimi anni l'attenzione si \u00e8 concentrata soprattutto sulla situazione dei tassi d'interesse, sull'andamento dei prezzi e sulla carenza di alloggi, ora un fattore a lungo termine sta assumendo sempre pi\u00f9 importanza: il cambiamento demografico.","breadcrumb":{"@id":"https:\/\/we-net.ch\/demografischer-wandel-und-immobilienmarkt-schweiz-warum-altersgerechtes-wohnen-zunehmend-an-bedeutung-gewinnt\/#breadcrumb"},"inLanguage":"it-IT","potentialAction":[{"@type":"ReadAction","target":["https:\/\/we-net.ch\/demografischer-wandel-und-immobilienmarkt-schweiz-warum-altersgerechtes-wohnen-zunehmend-an-bedeutung-gewinnt\/"]}]},{"@type":"ImageObject","inLanguage":"it-IT","@id":"https:\/\/we-net.ch\/demografischer-wandel-und-immobilienmarkt-schweiz-warum-altersgerechtes-wohnen-zunehmend-an-bedeutung-gewinnt\/#primaryimage","url":"https:\/\/staging.we-net.ch\/wp-content\/uploads\/2026\/03\/2Mar-2.jpg","contentUrl":"https:\/\/staging.we-net.ch\/wp-content\/uploads\/2026\/03\/2Mar-2.jpg","width":1215,"height":635},{"@type":"BreadcrumbList","@id":"https:\/\/we-net.ch\/demografischer-wandel-und-immobilienmarkt-schweiz-warum-altersgerechtes-wohnen-zunehmend-an-bedeutung-gewinnt\/#breadcrumb","itemListElement":[{"@type":"ListItem","position":1,"name":"Startseite","item":"https:\/\/we-net.ch\/"},{"@type":"ListItem","position":2,"name":"Demografischer Wandel und Immobilienmarkt Schweiz: Warum Altersgerechtes Wohnen zunehmend an Bedeutung gewinnt"}]},{"@type":"WebSite","@id":"https:\/\/we-net.ch\/#website","url":"https:\/\/we-net.ch\/","name":"WENET AG","description":"Immobili","publisher":{"@id":"https:\/\/we-net.ch\/#organization"},"potentialAction":[{"@type":"SearchAction","target":{"@type":"EntryPoint","urlTemplate":"https:\/\/we-net.ch\/?s={search_term_string}"},"query-input":{"@type":"PropertyValueSpecification","valueRequired":true,"valueName":"search_term_string"}}],"inLanguage":"it-IT"},{"@type":"Organization","@id":"https:\/\/we-net.ch\/#organization","name":"WENET AG","url":"https:\/\/we-net.ch\/","logo":{"@type":"ImageObject","inLanguage":"it-IT","@id":"https:\/\/we-net.ch\/#\/schema\/logo\/image\/","url":"https:\/\/we-net.ch\/wp-content\/uploads\/2024\/11\/watermark2.png","contentUrl":"https:\/\/we-net.ch\/wp-content\/uploads\/2024\/11\/watermark2.png","width":800,"height":107,"caption":"WENET AG"},"image":{"@id":"https:\/\/we-net.ch\/#\/schema\/logo\/image\/"}},{"@type":"Person","@id":"https:\/\/we-net.ch\/#\/schema\/person\/d161870c00da773f334320e0e00ebb11","name":"frontend-artur"}]}},"_links":{"self":[{"href":"https:\/\/staging.we-net.ch\/it\/wp-json\/wp\/v2\/posts\/181130","targetHints":{"allow":["GET"]}}],"collection":[{"href":"https:\/\/staging.we-net.ch\/it\/wp-json\/wp\/v2\/posts"}],"about":[{"href":"https:\/\/staging.we-net.ch\/it\/wp-json\/wp\/v2\/types\/post"}],"author":[{"embeddable":true,"href":"https:\/\/staging.we-net.ch\/it\/wp-json\/wp\/v2\/users\/9039"}],"replies":[{"embeddable":true,"href":"https:\/\/staging.we-net.ch\/it\/wp-json\/wp\/v2\/comments?post=181130"}],"version-history":[{"count":35,"href":"https:\/\/staging.we-net.ch\/it\/wp-json\/wp\/v2\/posts\/181130\/revisions"}],"predecessor-version":[{"id":181268,"href":"https:\/\/staging.we-net.ch\/it\/wp-json\/wp\/v2\/posts\/181130\/revisions\/181268"}],"wp:featuredmedia":[{"embeddable":true,"href":"https:\/\/staging.we-net.ch\/it\/wp-json\/wp\/v2\/media\/181265"}],"wp:attachment":[{"href":"https:\/\/staging.we-net.ch\/it\/wp-json\/wp\/v2\/media?parent=181130"}],"wp:term":[{"taxonomy":"category","embeddable":true,"href":"https:\/\/staging.we-net.ch\/it\/wp-json\/wp\/v2\/categories?post=181130"},{"taxonomy":"post_tag","embeddable":true,"href":"https:\/\/staging.we-net.ch\/it\/wp-json\/wp\/v2\/tags?post=181130"},{"taxonomy":"post_folder","embeddable":true,"href":"https:\/\/staging.we-net.ch\/it\/wp-json\/wp\/v2\/post_folder?post=181130"}],"curies":[{"name":"wp","href":"https:\/\/api.w.org\/{rel}","templated":true}]}}