{"id":130463,"date":"2025-04-15T10:36:43","date_gmt":"2025-04-15T08:36:43","guid":{"rendered":"https:\/\/we-net.ch\/?p=130463"},"modified":"2025-04-15T10:36:45","modified_gmt":"2025-04-15T08:36:45","slug":"tendenze-abitative-2025-svizzera","status":"publish","type":"post","link":"https:\/\/staging.we-net.ch\/it\/tendenze-abitative-2025-svizzera\/","title":{"rendered":"Tendenze abitative 2025 in Svizzera: sostenibile, intelligente ed elegante"},"content":{"rendered":"<p>Le tendenze abitative in Svizzera per il 2025 riflettono il desiderio di sostenibilit\u00e0, individualit\u00e0 e design funzionale. Che si tratti di costruire una casa, di arredarla o di scegliere un immobile, gli svizzeri puntano sempre pi\u00f9 sulla sostenibilit\u00e0, sull'individualit\u00e0 e sul design funzionale. <strong>Materiali naturali, soluzioni intelligenti per gli ambienti e concetti cromatici audaci<\/strong>. Questi sviluppi non solo influenzano la progettazione degli spazi abitativi, ma anche i requisiti delle offerte immobiliari.<\/p>\n\n\n\n<h2 class=\"wp-block-heading\" id=\"h-1-nachhaltigkeit-und-naturliche-materialien\">1. sostenibilit\u00e0 e materiali naturali<\/h2>\n\n\n\n<p>La sostenibilit\u00e0 rimane un tema chiave nel settore della casa in Svizzera. I mobili realizzati con legno certificato FSC, vetro riciclato e tessuti naturali come lino e cotone sono particolarmente apprezzati. Questi materiali conferiscono alla casa un tocco caldo e organico e dimostrano una crescente consapevolezza della responsabilit\u00e0 ecologica.<\/p>\n\n\n\n<p>La scelta di <a href=\"https:\/\/we-net.ch\/immobilien\/\">Immobili<\/a> la sostenibilit\u00e0 sta diventando sempre pi\u00f9 importante. Sempre pi\u00f9 proprietari investono in sistemi solari e tecnologie ad alta efficienza energetica per ridurre l'impronta ecologica.<\/p>\n\n\n\n<h2 class=\"wp-block-heading\" id=\"h-2-farbtrends-mut-zur-farbe\">2. tendenze cromatiche: il coraggio di usare il colore<\/h2>\n\n\n\n<p>Nel 2025, i toni della terra come il beige, la sabbia e la terracotta dominano le palette di colori. Colori d'accento come il blu profondo, il verde bosco o l'ocra creano punti di forza mirati senza sovraccaricare la stanza. Un'altra tendenza \u00e8 il ritorno delle sfumature di colore, come le pareti ombreggiate e i tessuti con transizioni morbide che conferiscono agli ambienti profondit\u00e0 ed eleganza.<\/p>\n\n\n\n<h2 class=\"wp-block-heading\" id=\"h-3-multifunktionale-mobel-und-smarte-raumlosungen\">3. mobili multifunzionali e soluzioni per ambienti intelligenti<\/h2>\n\n\n\n<p>Nelle aree urbane, dove lo spazio abitativo \u00e8 spesso limitato, i mobili multifunzionali sono particolarmente richiesti. I divani con spazio di archiviazione integrato o zone notte pieghevoli consentono di sfruttare al meglio lo spazio senza compromettere il comfort e lo stile.<\/p>\n\n\n\n<h2 class=\"wp-block-heading\" id=\"h-4-organische-formen-und-gemutlichkeit\">4 Forme organiche e comfort<\/h2>\n\n\n\n<p>La tendenza si sta spostando verso forme organiche e arrotondate che hanno un effetto calmante e promuovono un atteggiamento decelerato nei confronti della vita. Materiali naturali come il legno, la lana e la pietra completano questo stile e creano un'atmosfera accogliente.<\/p>\n\n\n\n<h2 class=\"wp-block-heading\" id=\"h-5-retro-revival-und-mix-amp-match\">5. revival retr\u00f2 e mix &amp; match<\/h2>\n\n\n\n<p>Gli stili di arredamento che combinano mobili vecchi e nuovi sono di tendenza. I mobili vintage di carattere e i look retr\u00f2 degli anni '70, come i motivi psichedelici e i colori caldi, stanno tornando di moda. L'espressione individuale \u00e8 al centro dell'attenzione, con un mix armonioso di stili ed epoche diverse.<\/p>\n\n\n\n<p><\/p>\n\n\n\n<p>Siete alla ricerca di un immobile che si adatti al vostro stile di vita individuale? Su WENET AG troverete un'ampia gamma di offerte immobiliari in tutta la Svizzera, da appartamenti moderni a case familiari sostenibili. Scoprite la variet\u00e0 di possibilit\u00e0 per realizzare le ultime tendenze abitative nella vostra futura casa. <a href=\"https:\/\/we-net.ch\/kontakt\/\">Richiedi subito una consulenza<\/a> e vivere con stile con WENET.<br><\/p>","protected":false},"excerpt":{"rendered":"<p>Le tendenze abitative in Svizzera per il 2025 riflettono il desiderio di sostenibilit\u00e0, individualit\u00e0 e design funzionale. Che si tratti di costruire una casa, di arredarla o di scegliere un immobile, gli svizzeri optano sempre pi\u00f9 spesso per materiali naturali, soluzioni intelligenti per gli ambienti e concetti cromatici audaci. Questi sviluppi non influenzano solo la progettazione degli spazi abitativi, ma anche la<\/p>","protected":false},"author":5254,"featured_media":130489,"comment_status":"closed","ping_status":"open","sticky":false,"template":"","format":"standard","meta":{"_acf_changed":false,"_rtcl_gb_attr":"","inline_featured_image":false,"footnotes":""},"categories":[13471,13475,7,13476],"tags":[13483,13484,13486,13485,13488,13487],"post_folder":[],"class_list":["post-130463","post","type-post","status-publish","format-standard","has-post-thumbnail","hentry","category-immobilienkauf-in-der-schweiz","category-nachhaltiges-bauen","category-ratgeber","category-wohntrends-in-der-schweiz","tag-einrichtungstrends","tag-immobilien-schweiz","tag-inneneinrichtung","tag-nachhaltiges-wohnen","tag-wohndesign","tag-wohntrends-2025"],"acf":[],"yoast_head":"<!-- This site is optimized with the Yoast SEO Premium plugin v24.2 (Yoast SEO v27.1.1) - https:\/\/yoast.com\/product\/yoast-seo-premium-wordpress\/ -->\n<title>Wohntrends 2025 Schweiz: Nachhaltig, smart und stilvoll - WENET AG<\/title>\n<meta name=\"description\" content=\"Entdecke die Wohntrends 2025 in der Schweiz: Nachhaltigkeit, Farbe &amp; Funktionalit\u00e4t f\u00fcr dein Zuhause. Jetzt inspirieren lassen mit WENET AG.\" \/>\n<meta name=\"robots\" content=\"index, follow, max-snippet:-1, max-image-preview:large, max-video-preview:-1\" \/>\n<link rel=\"canonical\" href=\"https:\/\/we-net.ch\/wohntrends-2025-schweiz\/\" \/>\n<meta property=\"og:locale\" content=\"it_IT\" \/>\n<meta property=\"og:type\" content=\"article\" \/>\n<meta property=\"og:title\" content=\"Wohntrends 2025 in der Schweiz: Nachhaltig, smart und stilvoll\" \/>\n<meta property=\"og:description\" content=\"Entdecke die Wohntrends 2025 in der Schweiz: Nachhaltigkeit, Farbe &amp; Funktionalit\u00e4t f\u00fcr dein Zuhause. Jetzt inspirieren lassen mit WENET AG.\" \/>\n<meta property=\"og:url\" content=\"https:\/\/we-net.ch\/wohntrends-2025-schweiz\/\" \/>\n<meta property=\"og:site_name\" content=\"WENET AG\" \/>\n<meta property=\"article:published_time\" content=\"2025-04-15T08:36:43+00:00\" \/>\n<meta property=\"article:modified_time\" content=\"2025-04-15T08:36:45+00:00\" \/>\n<meta property=\"og:image\" content=\"https:\/\/we-net.ch\/wp-content\/uploads\/2025\/04\/pexels-fotoaibe-1643383-scaled.jpg\" \/>\n\t<meta property=\"og:image:width\" content=\"2560\" \/>\n\t<meta property=\"og:image:height\" content=\"1685\" \/>\n\t<meta property=\"og:image:type\" content=\"image\/jpeg\" \/>\n<meta name=\"author\" content=\"Alice Lenx\" \/>\n<meta name=\"twitter:card\" content=\"summary_large_image\" \/>\n<meta name=\"twitter:label1\" content=\"Scritto da\" \/>\n\t<meta name=\"twitter:data1\" content=\"Alice Lenx\" \/>\n\t<meta name=\"twitter:label2\" content=\"Tempo di lettura stimato\" \/>\n\t<meta name=\"twitter:data2\" content=\"2 minuti\" \/>\n<!-- \/ Yoast SEO Premium plugin. -->","yoast_head_json":{"title":"Tendenze abitative 2025 Svizzera: sostenibile, intelligente ed elegante - WENET AG","description":"Scoprite le tendenze dell'abitare 2025 in Svizzera: sostenibilit\u00e0, colore e funzionalit\u00e0 per la vostra casa. Lasciatevi ispirare da WENET AG.","robots":{"index":"index","follow":"follow","max-snippet":"max-snippet:-1","max-image-preview":"max-image-preview:large","max-video-preview":"max-video-preview:-1"},"canonical":"https:\/\/we-net.ch\/wohntrends-2025-schweiz\/","og_locale":"it_IT","og_type":"article","og_title":"Wohntrends 2025 in der Schweiz: Nachhaltig, smart und stilvoll","og_description":"Entdecke die Wohntrends 2025 in der Schweiz: Nachhaltigkeit, Farbe & Funktionalit\u00e4t f\u00fcr dein Zuhause. Jetzt inspirieren lassen mit WENET AG.","og_url":"https:\/\/we-net.ch\/wohntrends-2025-schweiz\/","og_site_name":"WENET AG","article_published_time":"2025-04-15T08:36:43+00:00","article_modified_time":"2025-04-15T08:36:45+00:00","og_image":[{"width":2560,"height":1685,"url":"https:\/\/we-net.ch\/wp-content\/uploads\/2025\/04\/pexels-fotoaibe-1643383-scaled.jpg","type":"image\/jpeg"}],"author":"Alice Lenx","twitter_card":"summary_large_image","twitter_misc":{"Scritto da":"Alice Lenx","Tempo di lettura stimato":"2 minuti"},"schema":{"@context":"https:\/\/schema.org","@graph":[{"@type":"Article","@id":"https:\/\/we-net.ch\/wohntrends-2025-schweiz\/#article","isPartOf":{"@id":"https:\/\/we-net.ch\/wohntrends-2025-schweiz\/"},"author":{"name":"Alice Lenx","@id":"https:\/\/we-net.ch\/#\/schema\/person\/c8a1f75d5c220e830b9645a28fc5aa85"},"headline":"Wohntrends 2025 in der Schweiz: Nachhaltig, smart und stilvoll","datePublished":"2025-04-15T08:36:43+00:00","dateModified":"2025-04-15T08:36:45+00:00","mainEntityOfPage":{"@id":"https:\/\/we-net.ch\/wohntrends-2025-schweiz\/"},"wordCount":399,"publisher":{"@id":"https:\/\/we-net.ch\/#organization"},"image":{"@id":"https:\/\/we-net.ch\/wohntrends-2025-schweiz\/#primaryimage"},"thumbnailUrl":"https:\/\/staging.we-net.ch\/wp-content\/uploads\/2025\/04\/pexels-fotoaibe-1643383-scaled.jpg","keywords":["Einrichtungstrends","Immobilien Schweiz","Inneneinrichtung","Nachhaltiges Wohnen","Wohndesign","Wohntrends 2025"],"articleSection":["Immobilienkauf in der Schweiz","Nachhaltiges Bauen","Ratgeber","Wohntrends in der Schweiz"],"inLanguage":"it-IT"},{"@type":"WebPage","@id":"https:\/\/we-net.ch\/wohntrends-2025-schweiz\/","url":"https:\/\/we-net.ch\/wohntrends-2025-schweiz\/","name":"Tendenze abitative 2025 Svizzera: sostenibile, intelligente ed elegante - WENET AG","isPartOf":{"@id":"https:\/\/we-net.ch\/#website"},"primaryImageOfPage":{"@id":"https:\/\/we-net.ch\/wohntrends-2025-schweiz\/#primaryimage"},"image":{"@id":"https:\/\/we-net.ch\/wohntrends-2025-schweiz\/#primaryimage"},"thumbnailUrl":"https:\/\/staging.we-net.ch\/wp-content\/uploads\/2025\/04\/pexels-fotoaibe-1643383-scaled.jpg","datePublished":"2025-04-15T08:36:43+00:00","dateModified":"2025-04-15T08:36:45+00:00","description":"Scoprite le tendenze dell'abitare 2025 in Svizzera: sostenibilit\u00e0, colore e funzionalit\u00e0 per la vostra casa. Lasciatevi ispirare da WENET AG.","breadcrumb":{"@id":"https:\/\/we-net.ch\/wohntrends-2025-schweiz\/#breadcrumb"},"inLanguage":"it-IT","potentialAction":[{"@type":"ReadAction","target":["https:\/\/we-net.ch\/wohntrends-2025-schweiz\/"]}]},{"@type":"ImageObject","inLanguage":"it-IT","@id":"https:\/\/we-net.ch\/wohntrends-2025-schweiz\/#primaryimage","url":"https:\/\/staging.we-net.ch\/wp-content\/uploads\/2025\/04\/pexels-fotoaibe-1643383-scaled.jpg","contentUrl":"https:\/\/staging.we-net.ch\/wp-content\/uploads\/2025\/04\/pexels-fotoaibe-1643383-scaled.jpg","width":2560,"height":1685},{"@type":"BreadcrumbList","@id":"https:\/\/we-net.ch\/wohntrends-2025-schweiz\/#breadcrumb","itemListElement":[{"@type":"ListItem","position":1,"name":"Startseite","item":"https:\/\/we-net.ch\/"},{"@type":"ListItem","position":2,"name":"Wohntrends 2025 in der Schweiz: Nachhaltig, smart und stilvoll"}]},{"@type":"WebSite","@id":"https:\/\/we-net.ch\/#website","url":"https:\/\/we-net.ch\/","name":"WENET AG","description":"Immobili","publisher":{"@id":"https:\/\/we-net.ch\/#organization"},"potentialAction":[{"@type":"SearchAction","target":{"@type":"EntryPoint","urlTemplate":"https:\/\/we-net.ch\/?s={search_term_string}"},"query-input":{"@type":"PropertyValueSpecification","valueRequired":true,"valueName":"search_term_string"}}],"inLanguage":"it-IT"},{"@type":"Organization","@id":"https:\/\/we-net.ch\/#organization","name":"WENET AG","url":"https:\/\/we-net.ch\/","logo":{"@type":"ImageObject","inLanguage":"it-IT","@id":"https:\/\/we-net.ch\/#\/schema\/logo\/image\/","url":"https:\/\/we-net.ch\/wp-content\/uploads\/2024\/11\/watermark2.png","contentUrl":"https:\/\/we-net.ch\/wp-content\/uploads\/2024\/11\/watermark2.png","width":800,"height":107,"caption":"WENET AG"},"image":{"@id":"https:\/\/we-net.ch\/#\/schema\/logo\/image\/"}},{"@type":"Person","@id":"https:\/\/we-net.ch\/#\/schema\/person\/c8a1f75d5c220e830b9645a28fc5aa85","name":"Alice Lenx"}]}},"_links":{"self":[{"href":"https:\/\/staging.we-net.ch\/it\/wp-json\/wp\/v2\/posts\/130463","targetHints":{"allow":["GET"]}}],"collection":[{"href":"https:\/\/staging.we-net.ch\/it\/wp-json\/wp\/v2\/posts"}],"about":[{"href":"https:\/\/staging.we-net.ch\/it\/wp-json\/wp\/v2\/types\/post"}],"author":[{"embeddable":true,"href":"https:\/\/staging.we-net.ch\/it\/wp-json\/wp\/v2\/users\/5254"}],"replies":[{"embeddable":true,"href":"https:\/\/staging.we-net.ch\/it\/wp-json\/wp\/v2\/comments?post=130463"}],"version-history":[{"count":0,"href":"https:\/\/staging.we-net.ch\/it\/wp-json\/wp\/v2\/posts\/130463\/revisions"}],"wp:featuredmedia":[{"embeddable":true,"href":"https:\/\/staging.we-net.ch\/it\/wp-json\/wp\/v2\/media\/130489"}],"wp:attachment":[{"href":"https:\/\/staging.we-net.ch\/it\/wp-json\/wp\/v2\/media?parent=130463"}],"wp:term":[{"taxonomy":"category","embeddable":true,"href":"https:\/\/staging.we-net.ch\/it\/wp-json\/wp\/v2\/categories?post=130463"},{"taxonomy":"post_tag","embeddable":true,"href":"https:\/\/staging.we-net.ch\/it\/wp-json\/wp\/v2\/tags?post=130463"},{"taxonomy":"post_folder","embeddable":true,"href":"https:\/\/staging.we-net.ch\/it\/wp-json\/wp\/v2\/post_folder?post=130463"}],"curies":[{"name":"wp","href":"https:\/\/api.w.org\/{rel}","templated":true}]}}