{"id":181130,"date":"2026-03-02T09:08:31","date_gmt":"2026-03-02T08:08:31","guid":{"rendered":"https:\/\/we-net.ch\/?p=181130"},"modified":"2026-03-03T10:11:14","modified_gmt":"2026-03-03T09:11:14","slug":"changement-demographique-et-marche-immobilier-suisse-pourquoi-lhabitat-adapte-aux-personnes-agees-prend-de-plus-en-plus-dimportance","status":"publish","type":"post","link":"https:\/\/staging.we-net.ch\/fr\/changement-demographique-et-marche-immobilier-suisse-pourquoi-lhabitat-adapte-aux-personnes-agees-prend-de-plus-en-plus-dimportance\/","title":{"rendered":"Changement d\u00e9mographique et march\u00e9 immobilier suisse : pourquoi l'habitat adapt\u00e9 aux personnes \u00e2g\u00e9es prend de plus en plus d'importance"},"content":{"rendered":"<div data-elementor-type=\"wp-post\" data-elementor-id=\"181130\" class=\"elementor elementor-181130\" data-elementor-post-type=\"post\">\n\t\t\t\t<div class=\"elementor-element elementor-element-31fb1472 e-flex e-con-boxed e-con e-parent\" data-id=\"31fb1472\" data-element_type=\"container\" data-e-type=\"container\">\n\t\t\t\t\t<div class=\"e-con-inner\">\n\t\t\t\t<div class=\"elementor-element elementor-element-7d1bf485 elementor-widget elementor-widget-text-editor\" data-id=\"7d1bf485\" data-element_type=\"widget\" data-e-type=\"widget\" id=\"textContent\" data-widget_type=\"text-editor.default\">\n\t\t\t\t<div class=\"elementor-widget-container\">\n\t\t\t\t\t\t\t\t\t<p>Le march\u00e9 immobilier suisse se trouve dans une phase de changements structurels. Alors que ces derni\u00e8res ann\u00e9es, l'attention s'est surtout port\u00e9e sur la situation des taux d'int\u00e9r\u00eat, l'\u00e9volution des prix et la p\u00e9nurie de logements, l'accent est d\u00e9sormais mis de plus en plus sur un moteur \u00e0 long terme : le changement d\u00e9mographique.<\/p><p>La population suisse vieillit - et cette tendance n'est ni \u00e0 court terme ni li\u00e9e \u00e0 la conjoncture. Il s'agit plut\u00f4t d'une \u00e9volution qui marquera le march\u00e9 immobilier pendant des d\u00e9cennies. Pour les propri\u00e9taires, les investisseurs et les d\u00e9veloppeurs de projets, il en r\u00e9sulte de nouvelles exigences, mais aussi des opportunit\u00e9s durables.<\/p><h3>Qu'est-ce que l'habitat adapt\u00e9 aux personnes \u00e2g\u00e9es ?<\/h3><p>L'habitat adapt\u00e9 aux personnes \u00e2g\u00e9es d\u00e9signe des concepts de logement modernes pour les personnes \u00e2g\u00e9es, qui allient confort, s\u00e9curit\u00e9 et autonomie. Il s'agit notamment d'appartements adapt\u00e9s aux personnes \u00e2g\u00e9es, de maisons sans obstacles, de logements assist\u00e9s ou de quartiers interg\u00e9n\u00e9rationnels. L'objectif est de permettre aux habitants de mener une vie autonome, souvent \u00e0 proximit\u00e9 des soins m\u00e9dicaux et des offres sociales.<\/p><h2>Une soci\u00e9t\u00e9 vieillissante modifie la demande de logements<\/h2><p>L'esp\u00e9rance de vie en Suisse est l'une des plus \u00e9lev\u00e9es au monde. Parall\u00e8lement, une g\u00e9n\u00e9ration nombreuse atteint l'\u00e2ge de la retraite. De plus en plus de personnes recherchent des formes d'habitat qui allient confort, s\u00e9curit\u00e9 et autonomie.<\/p><p>Aujourd'hui, il ne s'agit plus exclusivement de maisons de soins classiques. Ce qui est demand\u00e9, ce sont plut\u00f4t des concepts d'habitat modernes tels que<\/p><ul><li><p>logements adapt\u00e9s aux personnes \u00e2g\u00e9es<\/p><\/li><li><p>immeubles d'habitation accessibles<\/p><\/li><li><p>logement assist\u00e9<\/p><\/li><li><p>quartiers interg\u00e9n\u00e9rationnels<\/p><\/li><li><p>Appartements proches des infrastructures m\u00e9dicales<\/p><\/li><\/ul><p>De nombreux seniors souhaitent rester autonomes le plus longtemps possible. Ce ph\u00e9nom\u00e8ne, appel\u00e9 \u201eAgeing in Place\u201c, est en train de devenir un leitmotiv central sur le march\u00e9 suisse du logement.<\/p><h2>Une offre limit\u00e9e face \u00e0 une demande croissante<\/h2><p>Parall\u00e8lement, l'offre de biens immobiliers adapt\u00e9s reste limit\u00e9e. En Suisse, les nouvelles constructions sont soumises \u00e0 des processus de planification stricts, \u00e0 des co\u00fbts de construction croissants et \u00e0 des r\u00e9serves de terrains \u00e0 b\u00e2tir limit\u00e9es. Les formes d'habitat sp\u00e9cialis\u00e9es se d\u00e9veloppent donc plus lentement que la croissance de la demande.<\/p><p>A cela s'ajoute un ph\u00e9nom\u00e8ne de march\u00e9 typiquement suisse : de nombreux propri\u00e9taires restent dans leurs maisons individuelles ou grands appartements existants, m\u00eame \u00e0 un \u00e2ge avanc\u00e9. De ce fait, moins de logements se lib\u00e8rent, ce qui continue \u00e0 exercer une pression sur le march\u00e9 g\u00e9n\u00e9ral du logement.<\/p><p>Cette \u00e9volution se traduit par une importance croissante des changements d'affectation, des modernisations et des adaptations immobili\u00e8res cibl\u00e9es.<\/p><table><thead><tr><th><strong>Chiffre cl\u00e9<\/strong><\/th><th><strong>Situation actuelle<\/strong><\/th><th><strong>Pr\u00e9visions<\/strong><\/th><th><strong>Importance pour l'immobilier<\/strong><\/th><\/tr><\/thead><tbody><tr><td>Part de la population 65+<\/td><td>19.3 % (2023)<\/td><td>env. 26 % jusqu'en 2055<\/td><td>Forte augmentation de la demande de logements adapt\u00e9s aux personnes \u00e2g\u00e9es<\/td><\/tr><tr><td>Population 80+<\/td><td>0,54 million de personnes (2023)<\/td><td>env. 1,1 million d'ici 2055<\/td><td>Doublement des besoins en logements accompagn\u00e9s<\/td><\/tr><tr><td>Esp\u00e9rance de vie des hommes<\/td><td>81.9 ans<\/td><td>en hausse<\/td><td>Phase de logement autonome plus longue<\/td><\/tr><tr><td>Esp\u00e9rance de vie des femmes<\/td><td>85.7 ans<\/td><td>en hausse<\/td><td>Demande accrue de logements accessibles<\/td><\/tr><tr><td>Ratio d'\u00e2ge (65+ sur 20-64 ans)<\/td><td>31 personnes pour 100 actifs<\/td><td>env. 48 jusqu'en 2055<\/td><td>Changement structurel de la demande de logements<\/td><\/tr><tr><td>M\u00e9nages priv\u00e9s 65+<\/td><td>plus de 2,2 millions de personnes<\/td><td>\u00e0 forte croissance<\/td><td>Plus de petits logements ax\u00e9s sur les services<\/td><\/tr><\/tbody><\/table><h2>L'habitat adapt\u00e9 aux personnes \u00e2g\u00e9es, une strat\u00e9gie immobili\u00e8re stable<\/h2><p>Du point de vue des investisseurs, le segment de l'habitat adapt\u00e9 aux personnes \u00e2g\u00e9es est de plus en plus attractif. Par rapport aux placements immobiliers classiques, il se caract\u00e9rise par plusieurs facteurs stables :<\/p><ul><li><p>demande planifiable \u00e0 long terme<\/p><\/li><li><p>faible d\u00e9pendance \u00e0 la conjoncture<\/p><\/li><li><p>une location durable<\/p><\/li><li><p>pertinence sociale<\/p><\/li><\/ul><p>Les investisseurs institutionnels tels que les caisses de pension et les compagnies d'assurance orientent de plus en plus leurs strat\u00e9gies vers des formes de logement n\u00e9cessitant une utilisation \u00e0 long terme. Les biens immobiliers adapt\u00e9s aux \u00e9volutions d\u00e9mographiques sont de plus en plus consid\u00e9r\u00e9s comme une classe d'actifs d\u00e9fensive et orient\u00e9e vers l'avenir.<\/p><h2>La qualit\u00e9 du site reste d\u00e9cisive<\/h2><p>Tous les emplacements ne se pr\u00eatent pas de la m\u00eame mani\u00e8re \u00e0 un habitat adapt\u00e9 aux personnes \u00e2g\u00e9es. Les sites avec :<\/p><ul><li><p>de bons soins m\u00e9dicaux<\/p><\/li><li><p>transports publics \u00e0 distance de marche<\/p><\/li><li><p>Possibilit\u00e9s d'achat \u00e0 proximit\u00e9<\/p><\/li><li><p>une infrastructure urbaine avec une qualit\u00e9 de vie \u00e9lev\u00e9e<\/p><\/li><\/ul><p>Les r\u00e9gions urbaines ainsi que les agglom\u00e9rations \u00e9conomiquement fortes pr\u00e9sentent ici des perspectives particuli\u00e8rement stables. Parall\u00e8lement, de nouvelles opportunit\u00e9s apparaissent \u00e9galement dans les centres r\u00e9gionaux bien desservis.<\/p><h2>Opportunit\u00e9s pour les propri\u00e9taires et les vendeurs<\/h2><p>L'\u00e9volution d\u00e9mographique ne concerne pas seulement les investisseurs, mais aussi les propri\u00e9taires immobiliers priv\u00e9s. Nombreux sont ceux qui, t\u00f4t ou tard, se posent des questions telles que<\/p><ul><li><p>Mon bien immobilier est-il adapt\u00e9 \u00e0 l'\u00e2ge \u00e0 long terme ?<\/p><\/li><li><p>Quelle est la demande future pour mon objet ?<\/p><\/li><li><p>Est-il judicieux de vendre, d'adapter ou de repositionner l'entreprise ?<\/p><\/li><\/ul><p>Une analyse approfondie du march\u00e9 est de plus en plus importante. Aujourd'hui, les d\u00e9cisions en mati\u00e8re d'immobilier sont de plus en plus strat\u00e9giques et moins purement \u00e9motionnelles.<\/p><h2>La comp\u00e9tence immobili\u00e8re au fil du temps<\/h2><p>En tant qu'entreprise immobili\u00e8re, WENET SA observe ces \u00e9volutions structurelles de tr\u00e8s pr\u00e8s depuis des ann\u00e9es. Le march\u00e9 s'\u00e9loigne des tendances \u00e0 court terme au profit de concepts d'utilisation durables qui tiennent compte des changements sociaux.<\/p><p>Qu'il s'agisse de la vente, de l'\u00e9valuation ou du positionnement strat\u00e9gique d'un bien immobilier, un accompagnement professionnel permet d'identifier les opportunit\u00e9s \u00e0 un stade pr\u00e9coce et de prendre des d\u00e9cisions \u00e9clair\u00e9es.<\/p><p>C'est pr\u00e9cis\u00e9ment dans le contexte de l'\u00e9volution d\u00e9mographique que l'on constate que l'immobilier ne repr\u00e9sente pas seulement un espace d'habitation, mais qu'il refl\u00e8te des d\u00e9cisions de vie et d'investissement \u00e0 long terme.<\/p><h2>Regarder vers l'avenir<\/h2><p>Le march\u00e9 immobilier suisse reste stable, mais plus diff\u00e9renci\u00e9 que par le pass\u00e9. Les formes d'habitat pour une soci\u00e9t\u00e9 vieillissante deviennent de plus en plus une partie int\u00e9grante du d\u00e9veloppement moderne des villes et des quartiers.<\/p><p>Se pencher aujourd'hui sur ces \u00e9volutions, c'est poser les bases d'une valeur immobili\u00e8re durable pour demain.<\/p><p>L'habitat adapt\u00e9 aux personnes \u00e2g\u00e9es est donc moins une tendance \u00e0 court terme qu'un changement structurel - et donc un th\u00e8me qui accompagnera le march\u00e9 immobilier suisse \u00e0 long terme.<\/p><h3 data-start=\"1069\" data-end=\"1080\">Sources<\/h3><ul><li data-start=\"1082\" data-end=\"1238\">Office f\u00e9d\u00e9ral de la statistique (OFS) - Sc\u00e9narios d\u00e9mographiques en Suisse<br data-start=\"1143\" data-end=\"1146\" \/><a class=\"decorated-link\" href=\"https:\/\/www.bfs.admin.ch\/bfs\/de\/home\/statistiken\/bevoelkerung\/zukuenftige-entwicklung.html\" target=\"_new\" rel=\"noopener\" data-start=\"1146\" data-end=\"1236\">https:\/\/www.bfs.admin.ch\/bfs\/de\/home\/statistiken\/bevoelkerung\/zukuenftige-entwicklung.html<\/a><\/li><li data-start=\"1240\" data-end=\"1403\">Office f\u00e9d\u00e9ral de la statistique (OFS) - Esp\u00e9rance de vie en Suisse<br data-start=\"1295\" data-end=\"1298\" \/><a class=\"decorated-link\" href=\"https:\/\/www.bfs.admin.ch\/bfs\/de\/home\/statistiken\/bevoelkerung\/geburten-todesfaelle\/lebenserwartung.html\" target=\"_new\" rel=\"noopener\" data-start=\"1298\" data-end=\"1401\">https:\/\/www.bfs.admin.ch\/bfs\/de\/home\/statistiken\/bevoelkerung\/geburten-todesfaelle\/lebenserwartung.html<\/a><\/li><li data-start=\"1405\" data-end=\"1503\">Donn\u00e9es de l'OCDE - D\u00e9mographie et vieillissement de la Suisse<br data-start=\"1450\" data-end=\"1453\" \/><a class=\"decorated-link\" href=\"https:\/\/data.oecd.org\/pop\/elderly-population.htm\" target=\"_new\" rel=\"noopener\" data-start=\"1453\" data-end=\"1501\">https:\/\/data.oecd.org\/pop\/elderly-population.htm<\/a><\/li><li data-start=\"1505\" data-end=\"1650\">Eurostat - Structure de la population et vieillissement<br data-start=\"1547\" data-end=\"1550\" \/><a class=\"decorated-link cursor-pointer\" href=\"https:\/\/ec.europa.eu\/eurostat\/statistics-explained\/index.php?title=Population_structure_and_ageing\" target=\"_new\" rel=\"noopener\" data-start=\"1550\" data-end=\"1648\">https:\/\/ec.europa.eu\/eurostat\/statistics-explained\/index.php?title=Population_structure_and_ageing<\/a><\/li><\/ul>\t\t\t\t\t\t\t\t<\/div>\n\t\t\t\t<\/div>\n\t\t\t\t\t<\/div>\n\t\t\t\t<\/div>\n\t\t\t\t<\/div>","protected":false},"excerpt":{"rendered":"<p>Le march\u00e9 immobilier suisse se trouve dans une phase de changements structurels. Alors que ces derni\u00e8res ann\u00e9es, l'attention s'est surtout port\u00e9e sur la situation des taux d'int\u00e9r\u00eat, l'\u00e9volution des prix et la p\u00e9nurie de logements, l'accent est d\u00e9sormais mis de plus en plus sur un moteur \u00e0 long terme : le changement d\u00e9mographique.<\/p>","protected":false},"author":9039,"featured_media":181265,"comment_status":"closed","ping_status":"open","sticky":false,"template":"","format":"standard","meta":{"_acf_changed":false,"_rtcl_gb_attr":"","inline_featured_image":false,"footnotes":""},"categories":[13470,13476],"tags":[13484,13825,13824],"post_folder":[],"class_list":["post-181130","post","type-post","status-publish","format-standard","has-post-thumbnail","hentry","category-immobilienmarkt-schweiz","category-wohntrends-in-der-schweiz","tag-immobilien-schweiz","tag-immobilienetwicklung","tag-immobilienprojekte"],"acf":[],"yoast_head":"<!-- This site is optimized with the Yoast SEO Premium plugin v24.2 (Yoast SEO v27.1.1) - https:\/\/yoast.com\/product\/yoast-seo-premium-wordpress\/ -->\n<title>Warum Altersgerechtes Wohnen zunehmend an Bedeutung gewinnt - WENET AG<\/title>\n<meta name=\"description\" content=\"Der Schweizer Immobilienmarkt befindet sich in einer Phase struktureller Ver\u00e4nderungen. W\u00e4hrend in den vergangenen Jahren vor allem Zinssituation, Preisentwicklung und Wohnraummangel im Fokus standen, r\u00fcckt nun ein langfristiger Treiber immer st\u00e4rker in den Mittelpunkt: der demografische Wandel.\" \/>\n<meta name=\"robots\" content=\"index, follow, max-snippet:-1, max-image-preview:large, max-video-preview:-1\" \/>\n<link rel=\"canonical\" href=\"https:\/\/we-net.ch\/demografischer-wandel-und-immobilienmarkt-schweiz-warum-altersgerechtes-wohnen-zunehmend-an-bedeutung-gewinnt\/\" \/>\n<meta property=\"og:locale\" content=\"fr_FR\" \/>\n<meta property=\"og:type\" content=\"article\" \/>\n<meta property=\"og:title\" content=\"Demografischer Wandel und Immobilienmarkt Schweiz: Warum Altersgerechtes Wohnen zunehmend an Bedeutung gewinnt\" \/>\n<meta property=\"og:description\" content=\"Der Schweizer Immobilienmarkt befindet sich in einer Phase struktureller Ver\u00e4nderungen. W\u00e4hrend in den vergangenen Jahren vor allem Zinssituation, Preisentwicklung und Wohnraummangel im Fokus standen, r\u00fcckt nun ein langfristiger Treiber immer st\u00e4rker in den Mittelpunkt: der demografische Wandel.\" \/>\n<meta property=\"og:url\" content=\"https:\/\/we-net.ch\/demografischer-wandel-und-immobilienmarkt-schweiz-warum-altersgerechtes-wohnen-zunehmend-an-bedeutung-gewinnt\/\" \/>\n<meta property=\"og:site_name\" content=\"WENET AG\" \/>\n<meta property=\"article:published_time\" content=\"2026-03-02T08:08:31+00:00\" \/>\n<meta property=\"article:modified_time\" content=\"2026-03-03T09:11:14+00:00\" \/>\n<meta property=\"og:image\" content=\"https:\/\/we-net.ch\/wp-content\/uploads\/2026\/03\/2Mar-2.jpg\" \/>\n\t<meta property=\"og:image:width\" content=\"1215\" \/>\n\t<meta property=\"og:image:height\" content=\"635\" \/>\n\t<meta property=\"og:image:type\" content=\"image\/jpeg\" \/>\n<meta name=\"author\" content=\"frontend-artur\" \/>\n<meta name=\"twitter:card\" content=\"summary_large_image\" \/>\n<meta name=\"twitter:label1\" content=\"\u00c9crit par\" \/>\n\t<meta name=\"twitter:data1\" content=\"frontend-artur\" \/>\n\t<meta name=\"twitter:label2\" content=\"Dur\u00e9e de lecture estim\u00e9e\" \/>\n\t<meta name=\"twitter:data2\" content=\"4 minutes\" \/>\n<!-- \/ Yoast SEO Premium plugin. -->","yoast_head_json":{"title":"Pourquoi l'habitat adapt\u00e9 aux personnes \u00e2g\u00e9es prend de plus en plus d'importance - WENET AG","description":"Le march\u00e9 immobilier suisse se trouve dans une phase de changements structurels. Alors que ces derni\u00e8res ann\u00e9es, l'attention s'est surtout port\u00e9e sur la situation des taux d'int\u00e9r\u00eat, l'\u00e9volution des prix et la p\u00e9nurie de logements, l'accent est d\u00e9sormais mis de plus en plus sur un moteur \u00e0 long terme : le changement d\u00e9mographique.","robots":{"index":"index","follow":"follow","max-snippet":"max-snippet:-1","max-image-preview":"max-image-preview:large","max-video-preview":"max-video-preview:-1"},"canonical":"https:\/\/we-net.ch\/demografischer-wandel-und-immobilienmarkt-schweiz-warum-altersgerechtes-wohnen-zunehmend-an-bedeutung-gewinnt\/","og_locale":"fr_FR","og_type":"article","og_title":"Demografischer Wandel und Immobilienmarkt Schweiz: Warum Altersgerechtes Wohnen zunehmend an Bedeutung gewinnt","og_description":"Der Schweizer Immobilienmarkt befindet sich in einer Phase struktureller Ver\u00e4nderungen. W\u00e4hrend in den vergangenen Jahren vor allem Zinssituation, Preisentwicklung und Wohnraummangel im Fokus standen, r\u00fcckt nun ein langfristiger Treiber immer st\u00e4rker in den Mittelpunkt: der demografische Wandel.","og_url":"https:\/\/we-net.ch\/demografischer-wandel-und-immobilienmarkt-schweiz-warum-altersgerechtes-wohnen-zunehmend-an-bedeutung-gewinnt\/","og_site_name":"WENET AG","article_published_time":"2026-03-02T08:08:31+00:00","article_modified_time":"2026-03-03T09:11:14+00:00","og_image":[{"width":1215,"height":635,"url":"https:\/\/we-net.ch\/wp-content\/uploads\/2026\/03\/2Mar-2.jpg","type":"image\/jpeg"}],"author":"frontend-artur","twitter_card":"summary_large_image","twitter_misc":{"\u00c9crit par":"frontend-artur","Dur\u00e9e de lecture estim\u00e9e":"4 minutes"},"schema":{"@context":"https:\/\/schema.org","@graph":[{"@type":"Article","@id":"https:\/\/we-net.ch\/demografischer-wandel-und-immobilienmarkt-schweiz-warum-altersgerechtes-wohnen-zunehmend-an-bedeutung-gewinnt\/#article","isPartOf":{"@id":"https:\/\/we-net.ch\/demografischer-wandel-und-immobilienmarkt-schweiz-warum-altersgerechtes-wohnen-zunehmend-an-bedeutung-gewinnt\/"},"author":{"name":"frontend-artur","@id":"https:\/\/we-net.ch\/#\/schema\/person\/d161870c00da773f334320e0e00ebb11"},"headline":"Demografischer Wandel und Immobilienmarkt Schweiz: Warum Altersgerechtes Wohnen zunehmend an Bedeutung gewinnt","datePublished":"2026-03-02T08:08:31+00:00","dateModified":"2026-03-03T09:11:14+00:00","mainEntityOfPage":{"@id":"https:\/\/we-net.ch\/demografischer-wandel-und-immobilienmarkt-schweiz-warum-altersgerechtes-wohnen-zunehmend-an-bedeutung-gewinnt\/"},"wordCount":838,"publisher":{"@id":"https:\/\/we-net.ch\/#organization"},"image":{"@id":"https:\/\/we-net.ch\/demografischer-wandel-und-immobilienmarkt-schweiz-warum-altersgerechtes-wohnen-zunehmend-an-bedeutung-gewinnt\/#primaryimage"},"thumbnailUrl":"https:\/\/staging.we-net.ch\/wp-content\/uploads\/2026\/03\/2Mar-2.jpg","keywords":["Immobilien Schweiz","Immobilienetwicklung","Immobilienprojekte"],"articleSection":["Immobilienmarkt Schweiz","Wohntrends in der Schweiz"],"inLanguage":"fr-FR"},{"@type":"WebPage","@id":"https:\/\/we-net.ch\/demografischer-wandel-und-immobilienmarkt-schweiz-warum-altersgerechtes-wohnen-zunehmend-an-bedeutung-gewinnt\/","url":"https:\/\/we-net.ch\/demografischer-wandel-und-immobilienmarkt-schweiz-warum-altersgerechtes-wohnen-zunehmend-an-bedeutung-gewinnt\/","name":"Pourquoi l'habitat adapt\u00e9 aux personnes \u00e2g\u00e9es prend de plus en plus d'importance - WENET AG","isPartOf":{"@id":"https:\/\/we-net.ch\/#website"},"primaryImageOfPage":{"@id":"https:\/\/we-net.ch\/demografischer-wandel-und-immobilienmarkt-schweiz-warum-altersgerechtes-wohnen-zunehmend-an-bedeutung-gewinnt\/#primaryimage"},"image":{"@id":"https:\/\/we-net.ch\/demografischer-wandel-und-immobilienmarkt-schweiz-warum-altersgerechtes-wohnen-zunehmend-an-bedeutung-gewinnt\/#primaryimage"},"thumbnailUrl":"https:\/\/staging.we-net.ch\/wp-content\/uploads\/2026\/03\/2Mar-2.jpg","datePublished":"2026-03-02T08:08:31+00:00","dateModified":"2026-03-03T09:11:14+00:00","description":"Le march\u00e9 immobilier suisse se trouve dans une phase de changements structurels. Alors que ces derni\u00e8res ann\u00e9es, l'attention s'est surtout port\u00e9e sur la situation des taux d'int\u00e9r\u00eat, l'\u00e9volution des prix et la p\u00e9nurie de logements, l'accent est d\u00e9sormais mis de plus en plus sur un moteur \u00e0 long terme : le changement d\u00e9mographique.","breadcrumb":{"@id":"https:\/\/we-net.ch\/demografischer-wandel-und-immobilienmarkt-schweiz-warum-altersgerechtes-wohnen-zunehmend-an-bedeutung-gewinnt\/#breadcrumb"},"inLanguage":"fr-FR","potentialAction":[{"@type":"ReadAction","target":["https:\/\/we-net.ch\/demografischer-wandel-und-immobilienmarkt-schweiz-warum-altersgerechtes-wohnen-zunehmend-an-bedeutung-gewinnt\/"]}]},{"@type":"ImageObject","inLanguage":"fr-FR","@id":"https:\/\/we-net.ch\/demografischer-wandel-und-immobilienmarkt-schweiz-warum-altersgerechtes-wohnen-zunehmend-an-bedeutung-gewinnt\/#primaryimage","url":"https:\/\/staging.we-net.ch\/wp-content\/uploads\/2026\/03\/2Mar-2.jpg","contentUrl":"https:\/\/staging.we-net.ch\/wp-content\/uploads\/2026\/03\/2Mar-2.jpg","width":1215,"height":635},{"@type":"BreadcrumbList","@id":"https:\/\/we-net.ch\/demografischer-wandel-und-immobilienmarkt-schweiz-warum-altersgerechtes-wohnen-zunehmend-an-bedeutung-gewinnt\/#breadcrumb","itemListElement":[{"@type":"ListItem","position":1,"name":"Startseite","item":"https:\/\/we-net.ch\/"},{"@type":"ListItem","position":2,"name":"Demografischer Wandel und Immobilienmarkt Schweiz: Warum Altersgerechtes Wohnen zunehmend an Bedeutung gewinnt"}]},{"@type":"WebSite","@id":"https:\/\/we-net.ch\/#website","url":"https:\/\/we-net.ch\/","name":"WENET AG","description":"Immobilier","publisher":{"@id":"https:\/\/we-net.ch\/#organization"},"potentialAction":[{"@type":"SearchAction","target":{"@type":"EntryPoint","urlTemplate":"https:\/\/we-net.ch\/?s={search_term_string}"},"query-input":{"@type":"PropertyValueSpecification","valueRequired":true,"valueName":"search_term_string"}}],"inLanguage":"fr-FR"},{"@type":"Organization","@id":"https:\/\/we-net.ch\/#organization","name":"WENET AG","url":"https:\/\/we-net.ch\/","logo":{"@type":"ImageObject","inLanguage":"fr-FR","@id":"https:\/\/we-net.ch\/#\/schema\/logo\/image\/","url":"https:\/\/we-net.ch\/wp-content\/uploads\/2024\/11\/watermark2.png","contentUrl":"https:\/\/we-net.ch\/wp-content\/uploads\/2024\/11\/watermark2.png","width":800,"height":107,"caption":"WENET AG"},"image":{"@id":"https:\/\/we-net.ch\/#\/schema\/logo\/image\/"}},{"@type":"Person","@id":"https:\/\/we-net.ch\/#\/schema\/person\/d161870c00da773f334320e0e00ebb11","name":"frontend-artur"}]}},"_links":{"self":[{"href":"https:\/\/staging.we-net.ch\/fr\/wp-json\/wp\/v2\/posts\/181130","targetHints":{"allow":["GET"]}}],"collection":[{"href":"https:\/\/staging.we-net.ch\/fr\/wp-json\/wp\/v2\/posts"}],"about":[{"href":"https:\/\/staging.we-net.ch\/fr\/wp-json\/wp\/v2\/types\/post"}],"author":[{"embeddable":true,"href":"https:\/\/staging.we-net.ch\/fr\/wp-json\/wp\/v2\/users\/9039"}],"replies":[{"embeddable":true,"href":"https:\/\/staging.we-net.ch\/fr\/wp-json\/wp\/v2\/comments?post=181130"}],"version-history":[{"count":35,"href":"https:\/\/staging.we-net.ch\/fr\/wp-json\/wp\/v2\/posts\/181130\/revisions"}],"predecessor-version":[{"id":181268,"href":"https:\/\/staging.we-net.ch\/fr\/wp-json\/wp\/v2\/posts\/181130\/revisions\/181268"}],"wp:featuredmedia":[{"embeddable":true,"href":"https:\/\/staging.we-net.ch\/fr\/wp-json\/wp\/v2\/media\/181265"}],"wp:attachment":[{"href":"https:\/\/staging.we-net.ch\/fr\/wp-json\/wp\/v2\/media?parent=181130"}],"wp:term":[{"taxonomy":"category","embeddable":true,"href":"https:\/\/staging.we-net.ch\/fr\/wp-json\/wp\/v2\/categories?post=181130"},{"taxonomy":"post_tag","embeddable":true,"href":"https:\/\/staging.we-net.ch\/fr\/wp-json\/wp\/v2\/tags?post=181130"},{"taxonomy":"post_folder","embeddable":true,"href":"https:\/\/staging.we-net.ch\/fr\/wp-json\/wp\/v2\/post_folder?post=181130"}],"curies":[{"name":"wp","href":"https:\/\/api.w.org\/{rel}","templated":true}]}}