{"id":176763,"date":"2026-01-26T08:15:49","date_gmt":"2026-01-26T07:15:49","guid":{"rendered":"https:\/\/we-net.ch\/?p=176763"},"modified":"2026-01-26T08:23:06","modified_gmt":"2026-01-26T07:23:06","slug":"levolution-du-marche-du-logement-en-2026-direction-du-marche-et-dynamique-des-prix","status":"publish","type":"post","link":"https:\/\/staging.we-net.ch\/fr\/levolution-du-marche-du-logement-en-2026-direction-du-marche-et-dynamique-des-prix\/","title":{"rendered":"L'\u00e9volution du march\u00e9 du logement en 2026 : Direction du march\u00e9 et dynamique des prix"},"content":{"rendered":"<div data-elementor-type=\"wp-post\" data-elementor-id=\"176763\" class=\"elementor elementor-176763\" data-elementor-post-type=\"post\">\n\t\t\t\t<div class=\"elementor-element elementor-element-31fb1472 e-flex e-con-boxed e-con e-parent\" data-id=\"31fb1472\" data-element_type=\"container\" data-e-type=\"container\">\n\t\t\t\t\t<div class=\"e-con-inner\">\n\t\t\t\t<div class=\"elementor-element elementor-element-7d1bf485 elementor-widget elementor-widget-text-editor\" data-id=\"7d1bf485\" data-element_type=\"widget\" data-e-type=\"widget\" id=\"textContent\" data-widget_type=\"text-editor.default\">\n\t\t\t\t<div class=\"elementor-widget-container\">\n\t\t\t\t\t\t\t\t\t<p>En 2026, le march\u00e9 du logement se trouve dans une phase d\u00e9cisive de r\u00e9orientation. Apr\u00e8s des ann\u00e9es de hausses de prix exceptionnelles, de fortes fluctuations de la demande et d'augmentation des co\u00fbts de financement, la stabilit\u00e9 se fait de plus en plus sentir. Cet article analyse l'orientation actuelle du march\u00e9, la dynamique des prix et les principales tendances dans le secteur de l'immobilier r\u00e9sidentiel.<\/p><h2>1. du boom \u00e0 la normalisation du march\u00e9 du logement<\/h2><p>Dans de nombreux pays, le march\u00e9 du logement s'est caract\u00e9ris\u00e9 ces derni\u00e8res ann\u00e9es par une forte demande et une offre limit\u00e9e. Des taux d'int\u00e9r\u00eat bas, des liquidit\u00e9s \u00e9lev\u00e9es et un besoin accru de s\u00e9curit\u00e9 ont entra\u00een\u00e9 de fortes hausses de prix.<\/p><h4>En 2026, le march\u00e9 est normalis\u00e9 :<\/h4><ul><li>Les hausses de prix sont toujours pr\u00e9sentes, mais plus mod\u00e9r\u00e9es.<\/li><li>Les banques centrales ont mis fin \u00e0 la phase de hausse agressive des taux d'int\u00e9r\u00eat.<\/li><li>Les co\u00fbts de financement restent plus \u00e9lev\u00e9s qu'avant 2020, mais le march\u00e9 s'est adapt\u00e9.<\/li><li>Les propri\u00e9taires occupants reviennent prudemment.<\/li><\/ul><h2>2. \u00e9volution actuelle des prix sur le march\u00e9 du logement en 2026<\/h2><p>L'\u00e9volution des prix en 2026 est influenc\u00e9e par <strong>Stabilit\u00e9 et diff\u00e9renciation r\u00e9gionale<\/strong> estampill\u00e9.<\/p><ul><li><strong>Agglom\u00e9rations urbaines :<\/strong> Les prix continuent d'augmenter l\u00e9g\u00e8rement.<\/li><li><strong>R\u00e9gions rurales ou structurellement faibles :<\/strong> Les prix stagnent ou augmentent de mani\u00e8re minime.<\/li><li><strong>Baisse des prix \u00e0 grande \u00e9chelle :<\/strong> n'est pas observ\u00e9e actuellement.<\/li><\/ul><p><strong>Cause principale :<\/strong> P\u00e9nurie de l'offre. Les projets de nouvelles constructions sont \u00e0 la tra\u00eene en raison de :<\/p><ul><li>Co\u00fbts de construction \u00e9lev\u00e9s<\/li><li>Une r\u00e9glementation plus stricte<\/li><li>P\u00e9nurie de personnel qualifi\u00e9<\/li><\/ul><p>Les biens immobiliers existants conservent ainsi leur valeur, m\u00eame en cas de demande mod\u00e9r\u00e9e.<\/p><h2>3. offre et demande : le d\u00e9s\u00e9quilibre persiste<\/h2><p>En 2026, le d\u00e9s\u00e9quilibre structurel entre l'offre et la demande reste une <strong>un important moteur de prix<\/strong>:<\/p><ul><li>De nombreux propri\u00e9taires conservent leurs biens immobiliers en raison de financements existants avantageux.<\/li><li>Les besoins en logements augmentent en raison de l'urbanisation, de la r\u00e9duction de la taille des m\u00e9nages et de la migration.<\/li><\/ul><p><strong>Tendance :<\/strong> Les biens immobiliers bien situ\u00e9s et de grande qualit\u00e9 continuent de faire l'objet d'une forte demande. Les biens \u00e0 haute efficacit\u00e9 \u00e9nerg\u00e9tique gagnent en attractivit\u00e9 en raison de la hausse des prix de l'\u00e9nergie et des exigences r\u00e9glementaires.<\/p><h2>4. les diff\u00e9rences r\u00e9gionales sur le march\u00e9 du logement<\/h2><p>Il n'existe pas de march\u00e9 du logement unique :<\/p><ul><li><strong>R\u00e9gions m\u00e9tropolitaines :<\/strong> une grande r\u00e9sistance des prix gr\u00e2ce \u00e0 la stabilit\u00e9 des march\u00e9s du travail, \u00e0 l'attrait international et \u00e0 la limitation des terrains constructibles.<\/li><li><strong>R\u00e9gions p\u00e9riph\u00e9riques :<\/strong> offrent de meilleures opportunit\u00e9s d'entr\u00e9e pour les acheteurs.<\/li><\/ul><p><strong>Conclusion :<\/strong> Les acteurs du march\u00e9 doivent penser localement. Les d\u00e9clarations globales perdent de leur pertinence ; les analyses micro\u00e9conomiques des sites gagnent en importance.<\/p><h2>5. les facteurs externes qui influencent le march\u00e9 du logement en 2026<\/h2><p>Plusieurs facteurs d\u00e9terminent l'orientation du march\u00e9 :<\/p><ul><li><strong>niveau des taux d'int\u00e9r\u00eat :<\/strong> des attentes plus stables en mati\u00e8re de taux d'int\u00e9r\u00eat facilitent les d\u00e9cisions d'achat.<\/li><li><strong>D\u00e9mographie :<\/strong> les jeunes g\u00e9n\u00e9rations se pr\u00e9sentent de plus en plus comme acheteurs ; les propri\u00e9taires plus \u00e2g\u00e9s r\u00e9fl\u00e9chissent \u00e0 la succession et \u00e0 la vente.<\/li><li><strong>R\u00e9gulation :<\/strong> Les prescriptions \u00e9nerg\u00e9tiques et climatiques influencent les prix, les investissements et la demande.<\/li><li><strong>March\u00e9s des capitaux :<\/strong> L'immobilier reste un point d'ancrage stable pour les investisseurs, malgr\u00e9 la baisse des rendements.<\/li><\/ul><h2>Perspectives d'avenir : Le march\u00e9 du logement en 2026<\/h2><p>Le march\u00e9 n'est marqu\u00e9 ni par l'euphorie ni par la crise, mais par <strong>des attentes r\u00e9alistes<\/strong>:<\/p><ul><li>Les prix \u00e9voluent plus lentement, mais restent positifs dans de nombreuses r\u00e9gions.<\/li><li>L'offre reste limit\u00e9e, la demande stable.<\/li><li>L'emplacement, la qualit\u00e9 et la durabilit\u00e9 gagnent encore en importance.<\/li><\/ul><h3>Pour les acteurs du march\u00e9 :<\/h3><ul><li><strong>Acheteur :<\/strong> plus de temps pour prendre des d\u00e9cisions<\/li><li><strong>vendeur :<\/strong> des strat\u00e9gies de prix plus r\u00e9alistes<\/li><li><strong>Les investisseurs :<\/strong> une plus grande attention port\u00e9e aux fondamentaux \u00e0 long terme<\/li><\/ul><p><strong>R\u00e9f\u00e9rences<\/strong><\/p><p><a href=\"https:\/\/www.nar.realtor\/newsroom\/nar-forecast-home-sales-expected-to-jump-14-in-2026\">https:\/\/www.nar.realtor\/newsroom\/nar-forecast-home-sales-expected-to-jump-14-in-2026<\/a><\/p><p><a href=\"https:\/\/mediaroom.realtor.com\/2025-12-03-Realtor-com-R-2026-Housing-Forecast-Housing-Market-Remains-Balanced-as-Supply-and-Demand-Find-Firmer-Footing\">https:\/\/mediaroom.realtor.com\/2025-12-03-Realtor-com-R-2026-Housing-Forecast-Housing-Market-Remains-Balanced-as-Supply-and-Demand-Find-Firmer-Footing<\/a><\/p><p><a href=\"https:\/\/www.nar.realtor\/magazine\/real-estate-news\/economy\/housing-market-set-for-a-2026-comeback-nar-predicts\">https:\/\/www.nar.realtor\/magazine\/real-estate-news\/economy\/housing-market-set-for-a-2026-comeback-nar-predicts<\/a><\/p><p><a href=\"https:\/\/www.realtor.com\/research\/2026-national-housing-forecast\/\">https:\/\/www.realtor.com\/research\/2026-national-housing-forecast\/<\/a><\/p>\t\t\t\t\t\t\t\t<\/div>\n\t\t\t\t<\/div>\n\t\t\t\t\t<\/div>\n\t\t\t\t<\/div>\n\t\t\t\t<\/div>","protected":false},"excerpt":{"rendered":"<p>En 2026, le march\u00e9 du logement se trouve dans une phase d\u00e9cisive de r\u00e9orientation. Apr\u00e8s des ann\u00e9es de hausses de prix exceptionnelles, une demande tr\u00e8s fluctuante et des co\u00fbts de financement en hausse, la stabilit\u00e9 se fait de plus en plus sentir. <\/p>","protected":false},"author":9039,"featured_media":176774,"comment_status":"closed","ping_status":"open","sticky":false,"template":"","format":"standard","meta":{"_acf_changed":false,"_rtcl_gb_attr":"","inline_featured_image":false,"footnotes":""},"categories":[13470,7,13476],"tags":[13484,13825,13824],"post_folder":[],"class_list":["post-176763","post","type-post","status-publish","format-standard","has-post-thumbnail","hentry","category-immobilienmarkt-schweiz","category-ratgeber","category-wohntrends-in-der-schweiz","tag-immobilien-schweiz","tag-immobilienetwicklung","tag-immobilienprojekte"],"acf":[],"yoast_head":"<!-- This site is optimized with the Yoast SEO Premium plugin v24.2 (Yoast SEO v27.1.1) - https:\/\/yoast.com\/product\/yoast-seo-premium-wordpress\/ -->\n<title>Die Entwicklung des Wohnungsmarktes 2026 - WENET AG<\/title>\n<meta name=\"description\" content=\"Der Wohnungsmarkt befindet sich 2026 in einer entscheidenden Phase der Neuorientierung. Nach Jahren aussergew\u00f6hnlicher Preissteigerungen, stark schwankender Nachfrage und gestiegener Finanzierungskosten zeigt sich zunehmend Stabilit\u00e4t.\" \/>\n<meta name=\"robots\" content=\"index, follow, max-snippet:-1, max-image-preview:large, max-video-preview:-1\" \/>\n<link rel=\"canonical\" href=\"https:\/\/we-net.ch\/die-entwicklung-des-wohnungsmarktes-2026-marktrichtung-und-preisdynamiken\/\" \/>\n<meta property=\"og:locale\" content=\"fr_FR\" \/>\n<meta property=\"og:type\" content=\"article\" \/>\n<meta property=\"og:title\" content=\"Die Entwicklung des Wohnungsmarktes 2026: Marktrichtung und Preisdynamiken\" \/>\n<meta property=\"og:description\" content=\"Der Wohnungsmarkt befindet sich 2026 in einer entscheidenden Phase der Neuorientierung. Nach Jahren aussergew\u00f6hnlicher Preissteigerungen, stark schwankender Nachfrage und gestiegener Finanzierungskosten zeigt sich zunehmend Stabilit\u00e4t.\" \/>\n<meta property=\"og:url\" content=\"https:\/\/we-net.ch\/die-entwicklung-des-wohnungsmarktes-2026-marktrichtung-und-preisdynamiken\/\" \/>\n<meta property=\"og:site_name\" content=\"WENET AG\" \/>\n<meta property=\"article:published_time\" content=\"2026-01-26T07:15:49+00:00\" \/>\n<meta property=\"article:modified_time\" content=\"2026-01-26T07:23:06+00:00\" \/>\n<meta property=\"og:image\" content=\"https:\/\/we-net.ch\/wp-content\/uploads\/2026\/01\/26thJan.jpg\" \/>\n\t<meta property=\"og:image:width\" content=\"1230\" \/>\n\t<meta property=\"og:image:height\" content=\"646\" \/>\n\t<meta property=\"og:image:type\" content=\"image\/jpeg\" \/>\n<meta name=\"author\" content=\"frontend-artur\" \/>\n<meta name=\"twitter:card\" content=\"summary_large_image\" \/>\n<meta name=\"twitter:label1\" content=\"\u00c9crit par\" \/>\n\t<meta name=\"twitter:data1\" content=\"frontend-artur\" \/>\n\t<meta name=\"twitter:label2\" content=\"Dur\u00e9e de lecture estim\u00e9e\" \/>\n\t<meta name=\"twitter:data2\" content=\"2 minutes\" \/>\n<!-- \/ Yoast SEO Premium plugin. -->","yoast_head_json":{"title":"L'\u00e9volution du march\u00e9 du logement en 2026 - WENET AG","description":"En 2026, le march\u00e9 du logement se trouve dans une phase d\u00e9cisive de r\u00e9orientation. Apr\u00e8s des ann\u00e9es de hausses de prix exceptionnelles, une demande tr\u00e8s fluctuante et des co\u00fbts de financement en hausse, la stabilit\u00e9 se fait de plus en plus sentir.","robots":{"index":"index","follow":"follow","max-snippet":"max-snippet:-1","max-image-preview":"max-image-preview:large","max-video-preview":"max-video-preview:-1"},"canonical":"https:\/\/we-net.ch\/die-entwicklung-des-wohnungsmarktes-2026-marktrichtung-und-preisdynamiken\/","og_locale":"fr_FR","og_type":"article","og_title":"Die Entwicklung des Wohnungsmarktes 2026: Marktrichtung und Preisdynamiken","og_description":"Der Wohnungsmarkt befindet sich 2026 in einer entscheidenden Phase der Neuorientierung. Nach Jahren aussergew\u00f6hnlicher Preissteigerungen, stark schwankender Nachfrage und gestiegener Finanzierungskosten zeigt sich zunehmend Stabilit\u00e4t.","og_url":"https:\/\/we-net.ch\/die-entwicklung-des-wohnungsmarktes-2026-marktrichtung-und-preisdynamiken\/","og_site_name":"WENET AG","article_published_time":"2026-01-26T07:15:49+00:00","article_modified_time":"2026-01-26T07:23:06+00:00","og_image":[{"width":1230,"height":646,"url":"https:\/\/we-net.ch\/wp-content\/uploads\/2026\/01\/26thJan.jpg","type":"image\/jpeg"}],"author":"frontend-artur","twitter_card":"summary_large_image","twitter_misc":{"\u00c9crit par":"frontend-artur","Dur\u00e9e de lecture estim\u00e9e":"2 minutes"},"schema":{"@context":"https:\/\/schema.org","@graph":[{"@type":"Article","@id":"https:\/\/we-net.ch\/die-entwicklung-des-wohnungsmarktes-2026-marktrichtung-und-preisdynamiken\/#article","isPartOf":{"@id":"https:\/\/we-net.ch\/die-entwicklung-des-wohnungsmarktes-2026-marktrichtung-und-preisdynamiken\/"},"author":{"name":"frontend-artur","@id":"https:\/\/we-net.ch\/#\/schema\/person\/d161870c00da773f334320e0e00ebb11"},"headline":"Die Entwicklung des Wohnungsmarktes 2026: Marktrichtung und Preisdynamiken","datePublished":"2026-01-26T07:15:49+00:00","dateModified":"2026-01-26T07:23:06+00:00","mainEntityOfPage":{"@id":"https:\/\/we-net.ch\/die-entwicklung-des-wohnungsmarktes-2026-marktrichtung-und-preisdynamiken\/"},"wordCount":447,"publisher":{"@id":"https:\/\/we-net.ch\/#organization"},"image":{"@id":"https:\/\/we-net.ch\/die-entwicklung-des-wohnungsmarktes-2026-marktrichtung-und-preisdynamiken\/#primaryimage"},"thumbnailUrl":"https:\/\/staging.we-net.ch\/wp-content\/uploads\/2026\/01\/26thJan.jpg","keywords":["Immobilien Schweiz","Immobilienetwicklung","Immobilienprojekte"],"articleSection":["Immobilienmarkt Schweiz","Ratgeber","Wohntrends in der Schweiz"],"inLanguage":"fr-FR"},{"@type":"WebPage","@id":"https:\/\/we-net.ch\/die-entwicklung-des-wohnungsmarktes-2026-marktrichtung-und-preisdynamiken\/","url":"https:\/\/we-net.ch\/die-entwicklung-des-wohnungsmarktes-2026-marktrichtung-und-preisdynamiken\/","name":"L'\u00e9volution du march\u00e9 du logement en 2026 - WENET AG","isPartOf":{"@id":"https:\/\/we-net.ch\/#website"},"primaryImageOfPage":{"@id":"https:\/\/we-net.ch\/die-entwicklung-des-wohnungsmarktes-2026-marktrichtung-und-preisdynamiken\/#primaryimage"},"image":{"@id":"https:\/\/we-net.ch\/die-entwicklung-des-wohnungsmarktes-2026-marktrichtung-und-preisdynamiken\/#primaryimage"},"thumbnailUrl":"https:\/\/staging.we-net.ch\/wp-content\/uploads\/2026\/01\/26thJan.jpg","datePublished":"2026-01-26T07:15:49+00:00","dateModified":"2026-01-26T07:23:06+00:00","description":"En 2026, le march\u00e9 du logement se trouve dans une phase d\u00e9cisive de r\u00e9orientation. Apr\u00e8s des ann\u00e9es de hausses de prix exceptionnelles, une demande tr\u00e8s fluctuante et des co\u00fbts de financement en hausse, la stabilit\u00e9 se fait de plus en plus sentir.","breadcrumb":{"@id":"https:\/\/we-net.ch\/die-entwicklung-des-wohnungsmarktes-2026-marktrichtung-und-preisdynamiken\/#breadcrumb"},"inLanguage":"fr-FR","potentialAction":[{"@type":"ReadAction","target":["https:\/\/we-net.ch\/die-entwicklung-des-wohnungsmarktes-2026-marktrichtung-und-preisdynamiken\/"]}]},{"@type":"ImageObject","inLanguage":"fr-FR","@id":"https:\/\/we-net.ch\/die-entwicklung-des-wohnungsmarktes-2026-marktrichtung-und-preisdynamiken\/#primaryimage","url":"https:\/\/staging.we-net.ch\/wp-content\/uploads\/2026\/01\/26thJan.jpg","contentUrl":"https:\/\/staging.we-net.ch\/wp-content\/uploads\/2026\/01\/26thJan.jpg","width":1230,"height":646},{"@type":"BreadcrumbList","@id":"https:\/\/we-net.ch\/die-entwicklung-des-wohnungsmarktes-2026-marktrichtung-und-preisdynamiken\/#breadcrumb","itemListElement":[{"@type":"ListItem","position":1,"name":"Startseite","item":"https:\/\/we-net.ch\/"},{"@type":"ListItem","position":2,"name":"Die Entwicklung des Wohnungsmarktes 2026: Marktrichtung und Preisdynamiken"}]},{"@type":"WebSite","@id":"https:\/\/we-net.ch\/#website","url":"https:\/\/we-net.ch\/","name":"WENET AG","description":"Immobilier","publisher":{"@id":"https:\/\/we-net.ch\/#organization"},"potentialAction":[{"@type":"SearchAction","target":{"@type":"EntryPoint","urlTemplate":"https:\/\/we-net.ch\/?s={search_term_string}"},"query-input":{"@type":"PropertyValueSpecification","valueRequired":true,"valueName":"search_term_string"}}],"inLanguage":"fr-FR"},{"@type":"Organization","@id":"https:\/\/we-net.ch\/#organization","name":"WENET AG","url":"https:\/\/we-net.ch\/","logo":{"@type":"ImageObject","inLanguage":"fr-FR","@id":"https:\/\/we-net.ch\/#\/schema\/logo\/image\/","url":"https:\/\/we-net.ch\/wp-content\/uploads\/2024\/11\/watermark2.png","contentUrl":"https:\/\/we-net.ch\/wp-content\/uploads\/2024\/11\/watermark2.png","width":800,"height":107,"caption":"WENET AG"},"image":{"@id":"https:\/\/we-net.ch\/#\/schema\/logo\/image\/"}},{"@type":"Person","@id":"https:\/\/we-net.ch\/#\/schema\/person\/d161870c00da773f334320e0e00ebb11","name":"frontend-artur"}]}},"_links":{"self":[{"href":"https:\/\/staging.we-net.ch\/fr\/wp-json\/wp\/v2\/posts\/176763","targetHints":{"allow":["GET"]}}],"collection":[{"href":"https:\/\/staging.we-net.ch\/fr\/wp-json\/wp\/v2\/posts"}],"about":[{"href":"https:\/\/staging.we-net.ch\/fr\/wp-json\/wp\/v2\/types\/post"}],"author":[{"embeddable":true,"href":"https:\/\/staging.we-net.ch\/fr\/wp-json\/wp\/v2\/users\/9039"}],"replies":[{"embeddable":true,"href":"https:\/\/staging.we-net.ch\/fr\/wp-json\/wp\/v2\/comments?post=176763"}],"version-history":[{"count":13,"href":"https:\/\/staging.we-net.ch\/fr\/wp-json\/wp\/v2\/posts\/176763\/revisions"}],"predecessor-version":[{"id":176777,"href":"https:\/\/staging.we-net.ch\/fr\/wp-json\/wp\/v2\/posts\/176763\/revisions\/176777"}],"wp:featuredmedia":[{"embeddable":true,"href":"https:\/\/staging.we-net.ch\/fr\/wp-json\/wp\/v2\/media\/176774"}],"wp:attachment":[{"href":"https:\/\/staging.we-net.ch\/fr\/wp-json\/wp\/v2\/media?parent=176763"}],"wp:term":[{"taxonomy":"category","embeddable":true,"href":"https:\/\/staging.we-net.ch\/fr\/wp-json\/wp\/v2\/categories?post=176763"},{"taxonomy":"post_tag","embeddable":true,"href":"https:\/\/staging.we-net.ch\/fr\/wp-json\/wp\/v2\/tags?post=176763"},{"taxonomy":"post_folder","embeddable":true,"href":"https:\/\/staging.we-net.ch\/fr\/wp-json\/wp\/v2\/post_folder?post=176763"}],"curies":[{"name":"wp","href":"https:\/\/api.w.org\/{rel}","templated":true}]}}