{"id":173581,"date":"2025-12-29T08:52:54","date_gmt":"2025-12-29T07:52:54","guid":{"rendered":"https:\/\/we-net.ch\/?p=173581"},"modified":"2025-12-29T09:00:32","modified_gmt":"2025-12-29T08:00:32","slug":"comment-calculer-la-valeur-de-marche-de-votre-bien-immobilier-bien-commencer-lannee","status":"publish","type":"post","link":"https:\/\/staging.we-net.ch\/fr\/comment-calculer-la-valeur-de-marche-de-votre-bien-immobilier-bien-commencer-lannee\/","title":{"rendered":"Comment calculer correctement la valeur de march\u00e9 de votre bien immobilier - commencer la nouvelle ann\u00e9e"},"content":{"rendered":"<div data-elementor-type=\"wp-post\" data-elementor-id=\"173581\" class=\"elementor elementor-173581\" data-elementor-post-type=\"post\">\n\t\t\t\t<div class=\"elementor-element elementor-element-31fb1472 e-flex e-con-boxed e-con e-parent\" data-id=\"31fb1472\" data-element_type=\"container\" data-e-type=\"container\">\n\t\t\t\t\t<div class=\"e-con-inner\">\n\t\t\t\t<div class=\"elementor-element elementor-element-7d1bf485 elementor-widget elementor-widget-text-editor\" data-id=\"7d1bf485\" data-element_type=\"widget\" data-e-type=\"widget\" id=\"textContent\" data-widget_type=\"text-editor.default\">\n\t\t\t\t<div class=\"elementor-widget-container\">\n\t\t\t\t\t\t\t\t\t<h2><strong>Un guide complet de l'immobilier de WENET AG<\/strong><\/h2><p>Le changement d'ann\u00e9e est le moment id\u00e9al pour faire le point, non seulement sur le plan personnel, mais aussi sur le plan financier. Alors pourquoi ne pas profiter du d\u00e9but de la nouvelle ann\u00e9e pour estimer de mani\u00e8re r\u00e9aliste la valeur de votre bien immobilier ? Qu'elle serve de base \u00e0 la vente, \u00e0 l'achat ou \u00e0 la planification patrimoniale, une valeur de march\u00e9 correctement calcul\u00e9e vous prot\u00e8ge des mauvaises d\u00e9cisions financi\u00e8res et cr\u00e9e de la transparence. Dans ce guide, WENET SA vous montre ce qui est vraiment important dans l'\u00e9valuation de la valeur du march\u00e9, quelles sont les m\u00e9thodes s\u00e9rieuses et pourquoi une expertise professionnelle est d\u00e9cisive.<\/p><h2><strong>Qu'entend-on par valeur de march\u00e9 d'un bien immobilier ?<\/strong><\/h2><p>Le site <strong>Valeur de march\u00e9<\/strong> (\u00e9galement appel\u00e9e valeur v\u00e9nale) est le prix qu'un bien immobilier est susceptible d'atteindre dans des conditions normales de march\u00e9. On part du principe que<\/p><ul><li>Acheteurs et vendeurs bien inform\u00e9s agissent<\/li><li>il n'y a pas de pression du temps<\/li><li>le bien immobilier est propos\u00e9 au public<\/li><li>il n'y a pas de circonstances exceptionnelles<\/li><\/ul><p>La valeur de march\u00e9 n'est pas un prix souhait\u00e9 et n'est pas non plus n\u00e9cessairement identique au prix d'achat. Elle constitue plut\u00f4t une valeur indicative r\u00e9aliste, orient\u00e9e vers le march\u00e9, qui r\u00e9sulte de l'offre, de la demande et des caract\u00e9ristiques objectives du bien immobilier.<\/p><h2><strong>Pourquoi une \u00e9valuation correcte de la valeur marchande est-elle si importante ?<\/strong><\/h2><p>Une mauvaise estimation de la valeur du march\u00e9 peut avoir des cons\u00e9quences importantes :<\/p><ul><li><strong>Prix trop \u00e9lev\u00e9 :<\/strong> longue dur\u00e9e de commercialisation, baisse des prix, perte de confiance<\/li><li><strong>Prix trop bas :<\/strong> perte financi\u00e8re pour le propri\u00e9taire<\/li><li><strong>Mauvais calcul :<\/strong> en mati\u00e8re de financement, de fiscalit\u00e9 ou d'investissement<\/li><\/ul><p>Une valeur de march\u00e9 d\u00e9termin\u00e9e de mani\u00e8re r\u00e9aliste, en revanche :<\/p><ul><li>augmente les chances de vente<\/li><li>r\u00e9duit le temps de commercialisation<\/li><li>cr\u00e9e une base de n\u00e9gociation solide<\/li><li>permet de prendre des d\u00e9cisions strat\u00e9giques en connaissance de cause<\/li><\/ul><p>C'est pr\u00e9cis\u00e9ment sur le march\u00e9 dynamique de l'immobilier suisse que l'expertise professionnelle est d\u00e9cisive.<\/p><h2><strong>Les trois principales m\u00e9thodes d'\u00e9valuation de la valeur de march\u00e9<\/strong><\/h2><h3>1. m\u00e9thode de la valeur comparative (\u00e9valuation h\u00e9donique)<\/h3><p>La m\u00e9thode de la valeur comparative est la m\u00e9thode la plus fr\u00e9quemment utilis\u00e9e pour les biens immobiliers r\u00e9sidentiels. Elle consiste \u00e0 comparer le bien immobilier avec des biens similaires qui ont \u00e9t\u00e9 effectivement vendus r\u00e9cemment.<\/p><p><strong>Sont pris en compte, entre autres<\/strong><\/p><ul><li>Situation et micro-situation<\/li><li>Surface d'habitation et de terrain<\/li><li>Ann\u00e9e de construction et \u00e9tat<\/li><li>Nombre de chambres<\/li><li>\u00c9quipement et modernisation<\/li><\/ul><p><strong>Convient pour :<\/strong> Maisons individuelles, appartements en copropri\u00e9t\u00e9<br \/><strong>Avantage :<\/strong> proches du march\u00e9, r\u00e9alistes, bas\u00e9s sur des donn\u00e9es<\/p><h3>2. m\u00e9thode de la valeur de rendement<\/h3><p>Dans la m\u00e9thode de la valeur de rendement, ce n'est pas le bien immobilier lui-m\u00eame qui est au premier plan, mais son utilit\u00e9 \u00e9conomique. La valeur de march\u00e9 r\u00e9sulte du revenu locatif durablement r\u00e9alisable, d\u00e9duction faite des co\u00fbts, capitalis\u00e9 \u00e0 un taux d'int\u00e9r\u00eat usuel sur le march\u00e9.<\/p><p><strong>\u00eatre pris en compte :<\/strong><\/p><ul><li>Revenus locatifs nets<\/li><li>Frais d'entretien et d'administration<\/li><li>Risques de vacance<\/li><li>Taux d'int\u00e9r\u00eat du march\u00e9 et rendement attendu<\/li><\/ul><p><strong>Convient pour :<\/strong> Immeubles collectifs, immeubles de rapport et de placement<br \/><strong>Avantage :<\/strong> id\u00e9al pour les investisseurs et les investisseurs en capital<\/p><h3>3. m\u00e9thode de la valeur r\u00e9elle<\/h3><p>La m\u00e9thode de la valeur r\u00e9elle calcule la valeur du bien immobilier sur la base des co\u00fbts de production. Elle consiste \u00e0 d\u00e9terminer la valeur de remplacement du b\u00e2timent, \u00e0 l'amortir en fonction de son \u00e2ge et \u00e0 la compl\u00e9ter par la valeur du terrain.<\/p><p><strong>Cette m\u00e9thode est g\u00e9n\u00e9ralement utilis\u00e9e lorsque :<\/strong><\/p><ul><li>il n'existe gu\u00e8re d'objets de comparaison<\/li><li>le bien immobilier est tr\u00e8s individuel<\/li><\/ul><p><strong>Convient pour :<\/strong> Biens immobiliers sp\u00e9ciaux, objets d'amateur<br \/><strong>Avantage :<\/strong> ind\u00e9pendant des fluctuations \u00e0 court terme du march\u00e9<\/p><h2><strong>Quels sont les facteurs qui influencent particuli\u00e8rement la valeur du march\u00e9 ?<\/strong><\/h2><p>La valeur de march\u00e9 est le r\u00e9sultat de nombreux aspects individuels. Parmi les plus importants, on peut citer<\/p><ul><li><strong>situation :<\/strong> L'infrastructure, l'acc\u00e8s aux transports, les \u00e9coles, les possibilit\u00e9s d'achat et l'environnement ont un impact direct sur la valeur.<\/li><li><strong>l'\u00e9tat et l'entretien :<\/strong> Les biens immobiliers modernis\u00e9s atteignent des prix plus \u00e9lev\u00e9s que les biens n\u00e9cessitant une r\u00e9novation. Les normes \u00e9nerg\u00e9tiques prennent de plus en plus d'importance.<\/li><li><strong>situation du march\u00e9 :<\/strong> L'offre et la demande, le niveau des taux d'int\u00e9r\u00eat et les conditions \u00e9conomiques g\u00e9n\u00e9rales influencent parfois consid\u00e9rablement la valeur de march\u00e9.<\/li><li><strong>Propri\u00e9t\u00e9s de l'objet :<\/strong> Plan, orientation, vue, balcon, jardin, parking ou ascenseur - les d\u00e9tails font souvent la diff\u00e9rence.<\/li><\/ul><h3>\u00c9valuation en ligne vs. \u00e9valuation professionnelle de la valeur marchande<\/h3><p><strong>Outils d'\u00e9valuation en ligne<\/strong> offrent une premi\u00e8re orientation rapide. Elles se basent toutefois sur des valeurs moyennes et ne peuvent pas tenir suffisamment compte des particularit\u00e9s individuelles.<\/p><p>Une <strong>\u00e9valuation professionnelle par des experts immobiliers<\/strong> va nettement plus loin :<\/p><ul><li>connaissance du march\u00e9 r\u00e9gional<\/li><li>donn\u00e9es de transaction actuelles<\/li><li>\u00e9valuation objective<\/li><li>visite personnelle<\/li><li>une strat\u00e9gie de prix r\u00e9aliste<\/li><\/ul><p>C'est pr\u00e9cis\u00e9ment en cas d'intention de vente ou d'actifs importants qu'une \u00e9valuation fond\u00e9e est indispensable.<\/p><h3>Pourquoi WENET AG est le bon partenaire<\/h3><p>En tant qu'entreprise immobili\u00e8re exp\u00e9riment\u00e9e, WENET SA allie connaissance du march\u00e9, analyse des donn\u00e9es et conseil personnalis\u00e9. Chaque bien immobilier est unique - et son \u00e9valuation devrait l'\u00eatre tout autant.<\/p><p><strong>Nos points forts :<\/strong><\/p><ul><li>des analyses de march\u00e9 pr\u00e9cises<\/li><li>des proc\u00e9dures d'\u00e9valuation transparentes<\/li><li>des recommandations de prix r\u00e9alistes<\/li><li>assistance personnelle<\/li><li>des bases de d\u00e9cision solides<\/li><\/ul><h4>Conclusion : calculer correctement la valeur de march\u00e9 - avec m\u00e9thode et expertise<\/h4><p>Le calcul de la valeur de march\u00e9 n'est pas une estimation, mais une analyse structur\u00e9e. Celui qui mise sur des m\u00e9thodes fond\u00e9es et un soutien professionnel obtient de meilleurs r\u00e9sultats, tant sur le plan financier que strat\u00e9gique.<\/p><p>Qu'il s'agisse d'une vente, d'un achat ou d'une planification patrimoniale, une valeur de march\u00e9 correctement calcul\u00e9e est la cl\u00e9 du succ\u00e8s - et le d\u00e9but id\u00e9al de la nouvelle ann\u00e9e pour asseoir votre strat\u00e9gie immobili\u00e8re sur des bases solides.<\/p>\t\t\t\t\t\t\t\t<\/div>\n\t\t\t\t<\/div>\n\t\t\t\t\t<\/div>\n\t\t\t\t<\/div>\n\t\t\t\t<\/div>","protected":false},"excerpt":{"rendered":"<p>Le changement d'ann\u00e9e est le moment id\u00e9al pour faire le point, non seulement sur le plan personnel, mais aussi sur le plan financier. Alors pourquoi ne pas profiter du d\u00e9but de la nouvelle ann\u00e9e pour estimer de mani\u00e8re r\u00e9aliste la valeur de votre bien immobilier ? Qu'il s'agisse d'une base pour la vente, l'achat ou la planification patrimoniale, une valeur de march\u00e9 correctement calcul\u00e9e prot\u00e8ge contre les mauvaises d\u00e9cisions financi\u00e8res et cr\u00e9e de la transparence. <\/p>","protected":false},"author":9039,"featured_media":173583,"comment_status":"closed","ping_status":"open","sticky":false,"template":"","format":"standard","meta":{"_acf_changed":false,"_rtcl_gb_attr":"","inline_featured_image":false,"footnotes":""},"categories":[13473,13470,13472],"tags":[13825,13824],"post_folder":[],"class_list":["post-173581","post","type-post","status-publish","format-standard","has-post-thumbnail","hentry","category-immobilienbewertung","category-immobilienmarkt-schweiz","category-immobilienverkauf-schweiz","tag-immobilienetwicklung","tag-immobilienprojekte"],"acf":[],"yoast_head":"<!-- This site is optimized with the Yoast SEO Premium plugin v24.2 (Yoast SEO v27.1.1) - https:\/\/yoast.com\/product\/yoast-seo-premium-wordpress\/ -->\n<title>So berechnen Sie den Marktwert Ihrer Immobilie richtig - WENET AG<\/title>\n<meta name=\"description\" content=\"Der Jahreswechsel ist die perfekte Zeit, um Bilanz zu ziehen \u2013 nicht nur pers\u00f6nlich, sondern auch in finanzieller Hinsicht. Warum also nicht den Start ins neue Jahr nutzen, um den Wert Ihrer Immobilie realistisch einzusch\u00e4tzen?\" \/>\n<meta name=\"robots\" content=\"index, follow, max-snippet:-1, max-image-preview:large, max-video-preview:-1\" \/>\n<link rel=\"canonical\" href=\"https:\/\/we-net.ch\/so-berechnen-sie-den-marktwert-ihrer-immobilie-richtig-ins-neue-jahr-starten\/\" \/>\n<meta property=\"og:locale\" content=\"fr_FR\" \/>\n<meta property=\"og:type\" content=\"article\" \/>\n<meta property=\"og:title\" content=\"So berechnen Sie den Marktwert Ihrer Immobilie richtig \u2013 ins neue Jahr starten\" \/>\n<meta property=\"og:description\" content=\"Der Jahreswechsel ist die perfekte Zeit, um Bilanz zu ziehen \u2013 nicht nur pers\u00f6nlich, sondern auch in finanzieller Hinsicht. Warum also nicht den Start ins neue Jahr nutzen, um den Wert Ihrer Immobilie realistisch einzusch\u00e4tzen?\" \/>\n<meta property=\"og:url\" content=\"https:\/\/we-net.ch\/so-berechnen-sie-den-marktwert-ihrer-immobilie-richtig-ins-neue-jahr-starten\/\" \/>\n<meta property=\"og:site_name\" content=\"WENET AG\" \/>\n<meta property=\"article:published_time\" content=\"2025-12-29T07:52:54+00:00\" \/>\n<meta property=\"article:modified_time\" content=\"2025-12-29T08:00:32+00:00\" \/>\n<meta property=\"og:image\" content=\"https:\/\/we-net.ch\/wp-content\/uploads\/2025\/12\/29Dec-blog.jpg\" \/>\n\t<meta property=\"og:image:width\" content=\"1232\" \/>\n\t<meta property=\"og:image:height\" content=\"644\" \/>\n\t<meta property=\"og:image:type\" content=\"image\/jpeg\" \/>\n<meta name=\"author\" content=\"frontend-artur\" \/>\n<meta name=\"twitter:card\" content=\"summary_large_image\" \/>\n<meta name=\"twitter:label1\" content=\"\u00c9crit par\" \/>\n\t<meta name=\"twitter:data1\" content=\"frontend-artur\" \/>\n\t<meta name=\"twitter:label2\" content=\"Dur\u00e9e de lecture estim\u00e9e\" \/>\n\t<meta name=\"twitter:data2\" content=\"3 minutes\" \/>\n<!-- \/ Yoast SEO Premium plugin. -->","yoast_head_json":{"title":"Comment calculer correctement la valeur de march\u00e9 de votre bien immobilier - WENET AG","description":"Le changement d'ann\u00e9e est le moment id\u00e9al pour faire le point, non seulement sur le plan personnel, mais aussi sur le plan financier. Alors pourquoi ne pas profiter du d\u00e9but de la nouvelle ann\u00e9e pour estimer de mani\u00e8re r\u00e9aliste la valeur de votre bien immobilier ?","robots":{"index":"index","follow":"follow","max-snippet":"max-snippet:-1","max-image-preview":"max-image-preview:large","max-video-preview":"max-video-preview:-1"},"canonical":"https:\/\/we-net.ch\/so-berechnen-sie-den-marktwert-ihrer-immobilie-richtig-ins-neue-jahr-starten\/","og_locale":"fr_FR","og_type":"article","og_title":"So berechnen Sie den Marktwert Ihrer Immobilie richtig \u2013 ins neue Jahr starten","og_description":"Der Jahreswechsel ist die perfekte Zeit, um Bilanz zu ziehen \u2013 nicht nur pers\u00f6nlich, sondern auch in finanzieller Hinsicht. Warum also nicht den Start ins neue Jahr nutzen, um den Wert Ihrer Immobilie realistisch einzusch\u00e4tzen?","og_url":"https:\/\/we-net.ch\/so-berechnen-sie-den-marktwert-ihrer-immobilie-richtig-ins-neue-jahr-starten\/","og_site_name":"WENET AG","article_published_time":"2025-12-29T07:52:54+00:00","article_modified_time":"2025-12-29T08:00:32+00:00","og_image":[{"width":1232,"height":644,"url":"https:\/\/we-net.ch\/wp-content\/uploads\/2025\/12\/29Dec-blog.jpg","type":"image\/jpeg"}],"author":"frontend-artur","twitter_card":"summary_large_image","twitter_misc":{"\u00c9crit par":"frontend-artur","Dur\u00e9e de lecture estim\u00e9e":"3 minutes"},"schema":{"@context":"https:\/\/schema.org","@graph":[{"@type":"Article","@id":"https:\/\/we-net.ch\/so-berechnen-sie-den-marktwert-ihrer-immobilie-richtig-ins-neue-jahr-starten\/#article","isPartOf":{"@id":"https:\/\/we-net.ch\/so-berechnen-sie-den-marktwert-ihrer-immobilie-richtig-ins-neue-jahr-starten\/"},"author":{"name":"frontend-artur","@id":"https:\/\/we-net.ch\/#\/schema\/person\/d161870c00da773f334320e0e00ebb11"},"headline":"So berechnen Sie den Marktwert Ihrer Immobilie richtig \u2013 ins neue Jahr starten","datePublished":"2025-12-29T07:52:54+00:00","dateModified":"2025-12-29T08:00:32+00:00","mainEntityOfPage":{"@id":"https:\/\/we-net.ch\/so-berechnen-sie-den-marktwert-ihrer-immobilie-richtig-ins-neue-jahr-starten\/"},"wordCount":686,"publisher":{"@id":"https:\/\/we-net.ch\/#organization"},"image":{"@id":"https:\/\/we-net.ch\/so-berechnen-sie-den-marktwert-ihrer-immobilie-richtig-ins-neue-jahr-starten\/#primaryimage"},"thumbnailUrl":"https:\/\/staging.we-net.ch\/wp-content\/uploads\/2025\/12\/29Dec-blog.jpg","keywords":["Immobilienetwicklung","Immobilienprojekte"],"articleSection":["Immobilienbewertung","Immobilienmarkt Schweiz","Immobilienverkauf Schweiz"],"inLanguage":"fr-FR"},{"@type":"WebPage","@id":"https:\/\/we-net.ch\/so-berechnen-sie-den-marktwert-ihrer-immobilie-richtig-ins-neue-jahr-starten\/","url":"https:\/\/we-net.ch\/so-berechnen-sie-den-marktwert-ihrer-immobilie-richtig-ins-neue-jahr-starten\/","name":"Comment calculer correctement la valeur de march\u00e9 de votre bien immobilier - WENET AG","isPartOf":{"@id":"https:\/\/we-net.ch\/#website"},"primaryImageOfPage":{"@id":"https:\/\/we-net.ch\/so-berechnen-sie-den-marktwert-ihrer-immobilie-richtig-ins-neue-jahr-starten\/#primaryimage"},"image":{"@id":"https:\/\/we-net.ch\/so-berechnen-sie-den-marktwert-ihrer-immobilie-richtig-ins-neue-jahr-starten\/#primaryimage"},"thumbnailUrl":"https:\/\/staging.we-net.ch\/wp-content\/uploads\/2025\/12\/29Dec-blog.jpg","datePublished":"2025-12-29T07:52:54+00:00","dateModified":"2025-12-29T08:00:32+00:00","description":"Le changement d'ann\u00e9e est le moment id\u00e9al pour faire le point, non seulement sur le plan personnel, mais aussi sur le plan financier. Alors pourquoi ne pas profiter du d\u00e9but de la nouvelle ann\u00e9e pour estimer de mani\u00e8re r\u00e9aliste la valeur de votre bien immobilier ?","breadcrumb":{"@id":"https:\/\/we-net.ch\/so-berechnen-sie-den-marktwert-ihrer-immobilie-richtig-ins-neue-jahr-starten\/#breadcrumb"},"inLanguage":"fr-FR","potentialAction":[{"@type":"ReadAction","target":["https:\/\/we-net.ch\/so-berechnen-sie-den-marktwert-ihrer-immobilie-richtig-ins-neue-jahr-starten\/"]}]},{"@type":"ImageObject","inLanguage":"fr-FR","@id":"https:\/\/we-net.ch\/so-berechnen-sie-den-marktwert-ihrer-immobilie-richtig-ins-neue-jahr-starten\/#primaryimage","url":"https:\/\/staging.we-net.ch\/wp-content\/uploads\/2025\/12\/29Dec-blog.jpg","contentUrl":"https:\/\/staging.we-net.ch\/wp-content\/uploads\/2025\/12\/29Dec-blog.jpg","width":1232,"height":644,"caption":"So berechnen Sie den Marktwert Ihrer Immobilie richtig \u2013 ins neue Jahr starten"},{"@type":"BreadcrumbList","@id":"https:\/\/we-net.ch\/so-berechnen-sie-den-marktwert-ihrer-immobilie-richtig-ins-neue-jahr-starten\/#breadcrumb","itemListElement":[{"@type":"ListItem","position":1,"name":"Startseite","item":"https:\/\/we-net.ch\/"},{"@type":"ListItem","position":2,"name":"So berechnen Sie den Marktwert Ihrer Immobilie richtig \u2013 ins neue Jahr starten"}]},{"@type":"WebSite","@id":"https:\/\/we-net.ch\/#website","url":"https:\/\/we-net.ch\/","name":"WENET AG","description":"Immobilier","publisher":{"@id":"https:\/\/we-net.ch\/#organization"},"potentialAction":[{"@type":"SearchAction","target":{"@type":"EntryPoint","urlTemplate":"https:\/\/we-net.ch\/?s={search_term_string}"},"query-input":{"@type":"PropertyValueSpecification","valueRequired":true,"valueName":"search_term_string"}}],"inLanguage":"fr-FR"},{"@type":"Organization","@id":"https:\/\/we-net.ch\/#organization","name":"WENET AG","url":"https:\/\/we-net.ch\/","logo":{"@type":"ImageObject","inLanguage":"fr-FR","@id":"https:\/\/we-net.ch\/#\/schema\/logo\/image\/","url":"https:\/\/we-net.ch\/wp-content\/uploads\/2024\/11\/watermark2.png","contentUrl":"https:\/\/we-net.ch\/wp-content\/uploads\/2024\/11\/watermark2.png","width":800,"height":107,"caption":"WENET AG"},"image":{"@id":"https:\/\/we-net.ch\/#\/schema\/logo\/image\/"}},{"@type":"Person","@id":"https:\/\/we-net.ch\/#\/schema\/person\/d161870c00da773f334320e0e00ebb11","name":"frontend-artur"}]}},"_links":{"self":[{"href":"https:\/\/staging.we-net.ch\/fr\/wp-json\/wp\/v2\/posts\/173581","targetHints":{"allow":["GET"]}}],"collection":[{"href":"https:\/\/staging.we-net.ch\/fr\/wp-json\/wp\/v2\/posts"}],"about":[{"href":"https:\/\/staging.we-net.ch\/fr\/wp-json\/wp\/v2\/types\/post"}],"author":[{"embeddable":true,"href":"https:\/\/staging.we-net.ch\/fr\/wp-json\/wp\/v2\/users\/9039"}],"replies":[{"embeddable":true,"href":"https:\/\/staging.we-net.ch\/fr\/wp-json\/wp\/v2\/comments?post=173581"}],"version-history":[{"count":8,"href":"https:\/\/staging.we-net.ch\/fr\/wp-json\/wp\/v2\/posts\/173581\/revisions"}],"predecessor-version":[{"id":173674,"href":"https:\/\/staging.we-net.ch\/fr\/wp-json\/wp\/v2\/posts\/173581\/revisions\/173674"}],"wp:featuredmedia":[{"embeddable":true,"href":"https:\/\/staging.we-net.ch\/fr\/wp-json\/wp\/v2\/media\/173583"}],"wp:attachment":[{"href":"https:\/\/staging.we-net.ch\/fr\/wp-json\/wp\/v2\/media?parent=173581"}],"wp:term":[{"taxonomy":"category","embeddable":true,"href":"https:\/\/staging.we-net.ch\/fr\/wp-json\/wp\/v2\/categories?post=173581"},{"taxonomy":"post_tag","embeddable":true,"href":"https:\/\/staging.we-net.ch\/fr\/wp-json\/wp\/v2\/tags?post=173581"},{"taxonomy":"post_folder","embeddable":true,"href":"https:\/\/staging.we-net.ch\/fr\/wp-json\/wp\/v2\/post_folder?post=173581"}],"curies":[{"name":"wp","href":"https:\/\/api.w.org\/{rel}","templated":true}]}}