{"id":169909,"date":"2025-10-27T03:17:44","date_gmt":"2025-10-27T02:17:44","guid":{"rendered":"https:\/\/we-net.ch\/?p=169909"},"modified":"2025-10-27T03:17:51","modified_gmt":"2025-10-27T02:17:51","slug":"quote-part-de-la-valeur-de-la-propriete-par-etage-en-suisse","status":"publish","type":"post","link":"https:\/\/staging.we-net.ch\/fr\/quote-part-de-la-valeur-de-la-propriete-par-etage-en-suisse\/","title":{"rendered":"Le taux de valeur de la propri\u00e9t\u00e9 par \u00e9tage en Suisse"},"content":{"rendered":"<h2 class=\"wp-block-heading\" id=\"h-was-ist-die-wertquote-beim-stockwerkeigentum\">Qu'est-ce que la quote-part de la valeur dans la propri\u00e9t\u00e9 par \u00e9tages ?<\/h2>\n\n\n\n<p>La quote-part de la valeur est une notion centrale et indispensable dans la propri\u00e9t\u00e9 par \u00e9tages suisse. Elle repr\u00e9sente la part id\u00e9ale qu'une seule unit\u00e9 d'\u00e9tage (appartement ou local commercial) d\u00e9tient sur l'ensemble du terrain et des parties communes de l'immeuble. La quote-part de valeur est obligatoirement inscrite au registre foncier et s'exprime en fractions (p. ex. 75\/1000). Elle est indissociable de la propri\u00e9t\u00e9 par \u00e9tage concern\u00e9e.<\/p>\n\n\n\n<h2 class=\"wp-block-heading\" id=\"h-was-druckt-die-wertquote-eigentlich-aus\">Qu'est-ce que le taux de valeur exprime en r\u00e9alit\u00e9 ?<\/h2>\n\n\n\n<p>La quote-part de la valeur remplit deux fonctions essentielles dans la propri\u00e9t\u00e9 par \u00e9tages, qui en font le principal crit\u00e8re de mesure des droits et obligations de chaque propri\u00e9taire par \u00e9tages :<\/p>\n\n\n\n<ol class=\"wp-block-list\">\n<li><strong>R\u00e9partition des co\u00fbts<\/strong>Elle d\u00e9termine la part de chaque propri\u00e9taire dans les frais et charges communs. En font partie les frais d'entretien, d'administration, de r\u00e9paration et de r\u00e9novation des parties communes (toit, fa\u00e7ade, cage d'escalier, jardin, etc.).<\/li>\n\n\n\n<li><strong>Droit de vote<\/strong>La quote-part de la valeur sert g\u00e9n\u00e9ralement de base \u00e0 l'\u00e9valuation du droit de vote lors de l'assembl\u00e9e des copropri\u00e9taires.<\/li>\n<\/ol>\n\n\n\n<h2 class=\"wp-block-heading\" id=\"h-welche-rolle-spielt-die-wertquote-beim-stockwerkeigentum\">Quel est le r\u00f4le de la quote-part de la valeur dans la propri\u00e9t\u00e9 par \u00e9tages ?<\/h2>\n\n\n\n<p>La quote-part de la valeur joue un r\u00f4le fondamental au sein de la communaut\u00e9 des propri\u00e9taires par \u00e9tage (CPCE), car elle d\u00e9termine le poids financier et juridique de chaque propri\u00e9taire :<\/p>\n\n\n\n<ul class=\"wp-block-list\">\n<li><strong>R\u00e9partition des co\u00fbts d'exploitation et de r\u00e9novation<\/strong>L'influence la plus importante r\u00e9side dans la r\u00e9partition du budget et des co\u00fbts d'entretien des biens communs.<\/li>\n\n\n\n<li><strong>D\u00e9termination du droit \u00e0 la participation<\/strong>Elle d\u00e9finit la part du produit en cas de vente ou d'expropriation du bien immobilier.<\/li>\n\n\n\n<li><strong>Calcul des contributions au fonds de r\u00e9novation<\/strong>Les versements dans le fonds de r\u00e9novation, qui sert \u00e0 de futures r\u00e9novations importantes, sont \u00e9galement d\u00e9termin\u00e9s par la quote-part de la valeur.<\/li>\n<\/ul>\n\n\n\n<h2 class=\"wp-block-heading\" id=\"h-wie-wird-die-wertquote-berechnet-berechnung-des-wertanteils-fur-stockwerkeigentum\">Comment la quote-part de la valeur est-elle calcul\u00e9e ? Calcul de la quote-part de la valeur pour la propri\u00e9t\u00e9 par \u00e9tage<\/h2>\n\n\n\n<p>La fixation de la quote-part de la valeur est g\u00e9n\u00e9ralement effectu\u00e9e par un architecte ou un \u00e9valuateur immobilier dans le cadre de l'acte de constitution de la propri\u00e9t\u00e9 par \u00e9tages. Diff\u00e9rents facteurs d\u00e9terminants sont alors pris en compte afin de garantir une proportion aussi juste que possible :<\/p>\n\n\n\n<ul class=\"wp-block-list\">\n<li><strong>Taille de l'unit\u00e9 juridique sp\u00e9ciale<\/strong>Il s'agit du facteur le plus important. La surface purement r\u00e9sidentielle ou utile de l'unit\u00e9 est mise en relation avec la surface totale.<\/li>\n\n\n\n<li><strong>Situation et orientation<\/strong>: Des emplacements plus attrayants (par exemple, des \u00e9tages plus \u00e9lev\u00e9s, une meilleure vue) peuvent entra\u00eener un taux de valeur plus \u00e9lev\u00e9.<\/li>\n\n\n\n<li><strong>\u00c9quipement et qualit\u00e9<\/strong>: Un \u00e9quipement plus haut de gamme peut \u00e9galement \u00eatre pris en compte dans l'\u00e9valuation.<\/li>\n\n\n\n<li><strong>Locaux annexes<\/strong>La valeur des caves, des greniers ou des places de garage qui font l'objet d'un droit sp\u00e9cial est \u00e9galement prise en compte, bien que souvent avec une pond\u00e9ration moindre.<\/li>\n<\/ul>\n\n\n\n<p>La quote-part de la valeur est finalement fix\u00e9e dans l'acte constitutif et devient juridiquement contraignante par son inscription au registre foncier.<\/p>\n\n\n\n<h2 class=\"wp-block-heading\" id=\"h-wertanteil-und-stimmrechte-im-stockwerkeigentum\">Part de valeur et droits de vote dans la propri\u00e9t\u00e9 par \u00e9tage<\/h2>\n\n\n\n<p>Dans la plupart des communaut\u00e9s de copropri\u00e9taires par \u00e9tage, le droit de vote est directement li\u00e9 \u00e0 la quote-part de la valeur. Cela signifie que les voix sont pond\u00e9r\u00e9es en fonction de la quote-part de valeur (principe de la t\u00eate et de la valeur) :<\/p>\n\n\n\n<ul class=\"wp-block-list\">\n<li>Un propri\u00e9taire dont la quote-part de la valeur est de 100\/1000 a dix fois plus de poids \u00e9lectoral qu'un propri\u00e9taire dont la quote-part est de 10\/1000.<\/li>\n\n\n\n<li>Ce principe garantit que les propri\u00e9taires qui d\u00e9tiennent la plus grande part financi\u00e8re de l'immeuble et qui supportent donc aussi les co\u00fbts les plus \u00e9lev\u00e9s ont un droit de regard correspondant.<\/li>\n\n\n\n<li>Il convient toutefois de noter que la communaut\u00e9 peut adopter une autre r\u00e9glementation dans son r\u00e8glement (p. ex. droit de vote par t\u00eate uniquement pour certaines d\u00e9cisions), tant que les prescriptions l\u00e9gales minimales sont respect\u00e9es.<\/li>\n<\/ul>\n\n\n\n<h2 class=\"wp-block-heading\" id=\"h-die-anderung-der-wertquote-von-stockwerkeigentum\">La modification de la quote-part de la valeur des propri\u00e9t\u00e9s par \u00e9tage<\/h2>\n\n\n\n<p>Une modification ult\u00e9rieure de la quote-part de la valeur est en principe possible, mais repr\u00e9sente un processus juridique et formel complexe. Elle peut s'av\u00e9rer n\u00e9cessaire si les circonstances changent de mani\u00e8re d\u00e9terminante, par exemple en raison de<\/p>\n\n\n\n<ul class=\"wp-block-list\">\n<li>Am\u00e9nagements ou extensions importants qui modifient sensiblement la taille de l'unit\u00e9 de droit sp\u00e9cial (p. ex. am\u00e9nagement des combles en appartement).<\/li>\n\n\n\n<li>Regroupement ou division d'unit\u00e9s.<\/li>\n<\/ul>\n\n\n\n<p>Pour qu'une modification soit valable, il faut en g\u00e9n\u00e9ral l'accord de tous les propri\u00e9taires par \u00e9tage. En outre, la modification doit faire l'objet d'un acte authentique et \u00eatre inscrite au registre foncier pour avoir une valeur juridique.<\/p>\n\n\n\n<h2 class=\"wp-block-heading\" id=\"h-welche-bedeutung-hat-das-grundbuch-beim-hauskauf\">Quelle est l'importance du registre foncier lors de l'achat d'une maison ?<\/h2>\n\n\n\n<p>Le registre foncier joue un r\u00f4le central pour tous les rapports immobiliers et de propri\u00e9t\u00e9 en Suisse. Il donne des renseignements publics et juridiquement contraignants sur<\/p>\n\n\n\n<ul class=\"wp-block-list\">\n<li>La propri\u00e9t\u00e9 (qui est le propri\u00e9taire ?).<\/li>\n\n\n\n<li>les \u00e9ventuelles charges et restrictions (p. ex. servitudes, droits de gage).<\/li>\n\n\n\n<li>Dans le cas de la propri\u00e9t\u00e9 par \u00e9tage : la d\u00e9finition exacte des droits sp\u00e9ciaux et des parties communes ainsi que la quote-part de valeur fix\u00e9e.<\/li>\n<\/ul>\n\n\n\n<p>Lors de l'achat d'une propri\u00e9t\u00e9 par \u00e9tages, l'inscription au registre foncier de la quote-part de la valeur constitue la garantie juridique de la part acquise.<\/p>\n\n\n\n<h2 class=\"wp-block-heading\" id=\"h-wohnung-verkaufen-oder-bewerten-lassen\">Vendre ou faire \u00e9valuer un appartement<\/h2>\n\n\n\n<p>La quote-part de la valeur est \u00e9galement importante lors de la vente et de l'\u00e9valuation d'une unit\u00e9 d'\u00e9tage. Bien que la valeur de march\u00e9 soit principalement d\u00e9termin\u00e9e par la situation, l'\u00e9tat et la demande, la quote-part de la valeur sert d'indicateur important pour v\u00e9rifier l'ad\u00e9quation de la part id\u00e9ale de l'ensemble du bien immobilier. Un partenaire immobilier professionnel peut vous aider \u00e0 prendre en compte tous les facteurs pertinents, y compris la quote-part de la valeur, pour une estimation r\u00e9aliste de la valeur de march\u00e9 et \u00e0 organiser le processus de vente en toute s\u00e9curit\u00e9 juridique.<br>La quote-part de la valeur est la base de la propri\u00e9t\u00e9 par \u00e9tages et d\u00e9finit pr\u00e9cis\u00e9ment vos droits, vos obligations et vos participations financi\u00e8res dans l'immeuble commun. Pour une prise de d\u00e9cision \u00e9clair\u00e9e lors de l'achat, de la vente ou de la gestion de votre unit\u00e9 d'\u00e9tage, une compr\u00e9hension approfondie de ce ratio est indispensable. Si vous recherchez un conseil comp\u00e9tent et sur mesure pour la vente ou l'\u00e9valuation de votre bien immobilier, nous vous invitons \u00e0 faire appel aux comp\u00e9tences professionnelles et au vaste r\u00e9seau de wenet ag. <a href=\"https:\/\/we-net.ch\/kontakt\/\">Contactez-nous pour une premi\u00e8re consultation sans engagement<\/a>.<\/p>","protected":false},"excerpt":{"rendered":"<p>Qu'est-ce que la quote-part de la valeur dans la propri\u00e9t\u00e9 par \u00e9tages ? La quote-part de la valeur est une notion centrale et indispensable dans la propri\u00e9t\u00e9 par \u00e9tages suisse. Elle repr\u00e9sente la part id\u00e9ale qu'une seule unit\u00e9 d'\u00e9tage (appartement ou local commercial) d\u00e9tient sur l'ensemble du terrain et des parties communes de l'immeuble. La quote-part de valeur est obligatoirement inscrite au registre foncier et s'exprime en fractions (p. ex. 75\/1000).<\/p>","protected":false},"author":5254,"featured_media":169910,"comment_status":"closed","ping_status":"open","sticky":false,"template":"","format":"standard","meta":{"_acf_changed":false,"_rtcl_gb_attr":"","inline_featured_image":false,"footnotes":""},"categories":[13473,13470,13472],"tags":[13808,13810,13809,13807],"post_folder":[],"class_list":["post-169909","post","type-post","status-publish","format-standard","has-post-thumbnail","hentry","category-immobilienbewertung","category-immobilienmarkt-schweiz","category-immobilienverkauf-schweiz","tag-eigentuemergemeinschaft","tag-kostenverteilung","tag-stockwerkeigentum","tag-wertquote"],"acf":[],"yoast_head":"<!-- This site is optimized with the Yoast SEO Premium plugin v24.2 (Yoast SEO v27.1.1) - https:\/\/yoast.com\/product\/yoast-seo-premium-wordpress\/ -->\n<title>Wertquote Stockwerkeigentum: Berechnung und Bedeutung - WENET AG<\/title>\n<meta name=\"description\" content=\"Erfahren Sie, was die Wertquote beim Stockwerkeigentum in der Schweiz bedeutet, wie sie berechnet wird und welche Rolle sie f\u00fcr Stimmrechte und Kostenverteilung spielt.\" \/>\n<meta name=\"robots\" content=\"index, follow, max-snippet:-1, max-image-preview:large, max-video-preview:-1\" \/>\n<link rel=\"canonical\" href=\"https:\/\/we-net.ch\/wertquote-stockwerkeigentum-schweiz\/\" \/>\n<meta property=\"og:locale\" content=\"fr_FR\" \/>\n<meta property=\"og:type\" content=\"article\" \/>\n<meta property=\"og:title\" content=\"Die Wertquote beim Stockwerkeigentum in der Schweiz\" \/>\n<meta property=\"og:description\" content=\"Erfahren Sie, was die Wertquote beim Stockwerkeigentum in der Schweiz bedeutet, wie sie berechnet wird und welche Rolle sie f\u00fcr Stimmrechte und Kostenverteilung spielt.\" \/>\n<meta property=\"og:url\" content=\"https:\/\/we-net.ch\/wertquote-stockwerkeigentum-schweiz\/\" \/>\n<meta property=\"og:site_name\" content=\"WENET AG\" \/>\n<meta property=\"article:published_time\" content=\"2025-10-27T02:17:44+00:00\" \/>\n<meta property=\"article:modified_time\" content=\"2025-10-27T02:17:51+00:00\" \/>\n<meta property=\"og:image\" content=\"https:\/\/we-net.ch\/wp-content\/uploads\/2025\/10\/20251021-135431.png\" \/>\n\t<meta property=\"og:image:width\" content=\"1200\" \/>\n\t<meta property=\"og:image:height\" content=\"630\" \/>\n\t<meta property=\"og:image:type\" content=\"image\/png\" \/>\n<meta name=\"author\" content=\"Alice Lenx\" \/>\n<meta name=\"twitter:card\" content=\"summary_large_image\" \/>\n<meta name=\"twitter:label1\" content=\"\u00c9crit par\" \/>\n\t<meta name=\"twitter:data1\" content=\"Alice Lenx\" \/>\n\t<meta name=\"twitter:label2\" content=\"Dur\u00e9e de lecture estim\u00e9e\" \/>\n\t<meta name=\"twitter:data2\" content=\"4 minutes\" \/>\n<!-- \/ Yoast SEO Premium plugin. -->","yoast_head_json":{"title":"Quote-part de la valeur de la propri\u00e9t\u00e9 par \u00e9tage : Calcul et signification - WENET AG","description":"D\u00e9couvrez ce que signifie la quote-part de la valeur dans la propri\u00e9t\u00e9 par \u00e9tages en Suisse, comment elle est calcul\u00e9e et quel r\u00f4le elle joue dans les droits de vote et la r\u00e9partition des frais.","robots":{"index":"index","follow":"follow","max-snippet":"max-snippet:-1","max-image-preview":"max-image-preview:large","max-video-preview":"max-video-preview:-1"},"canonical":"https:\/\/we-net.ch\/wertquote-stockwerkeigentum-schweiz\/","og_locale":"fr_FR","og_type":"article","og_title":"Die Wertquote beim Stockwerkeigentum in der Schweiz","og_description":"Erfahren Sie, was die Wertquote beim Stockwerkeigentum in der Schweiz bedeutet, wie sie berechnet wird und welche Rolle sie f\u00fcr Stimmrechte und Kostenverteilung spielt.","og_url":"https:\/\/we-net.ch\/wertquote-stockwerkeigentum-schweiz\/","og_site_name":"WENET AG","article_published_time":"2025-10-27T02:17:44+00:00","article_modified_time":"2025-10-27T02:17:51+00:00","og_image":[{"width":1200,"height":630,"url":"https:\/\/we-net.ch\/wp-content\/uploads\/2025\/10\/20251021-135431.png","type":"image\/png"}],"author":"Alice Lenx","twitter_card":"summary_large_image","twitter_misc":{"\u00c9crit par":"Alice Lenx","Dur\u00e9e de lecture estim\u00e9e":"4 minutes"},"schema":{"@context":"https:\/\/schema.org","@graph":[{"@type":"Article","@id":"https:\/\/we-net.ch\/wertquote-stockwerkeigentum-schweiz\/#article","isPartOf":{"@id":"https:\/\/we-net.ch\/wertquote-stockwerkeigentum-schweiz\/"},"author":{"name":"Alice Lenx","@id":"https:\/\/we-net.ch\/#\/schema\/person\/c8a1f75d5c220e830b9645a28fc5aa85"},"headline":"Die Wertquote beim Stockwerkeigentum in der Schweiz","datePublished":"2025-10-27T02:17:44+00:00","dateModified":"2025-10-27T02:17:51+00:00","mainEntityOfPage":{"@id":"https:\/\/we-net.ch\/wertquote-stockwerkeigentum-schweiz\/"},"wordCount":851,"publisher":{"@id":"https:\/\/we-net.ch\/#organization"},"image":{"@id":"https:\/\/we-net.ch\/wertquote-stockwerkeigentum-schweiz\/#primaryimage"},"thumbnailUrl":"https:\/\/staging.we-net.ch\/wp-content\/uploads\/2025\/10\/20251021-135431.png","keywords":["Eigent\u00fcmergemeinschaft","Kostenverteilung","Stockwerkeigentum","Wertquote"],"articleSection":["Immobilienbewertung","Immobilienmarkt Schweiz","Immobilienverkauf Schweiz"],"inLanguage":"fr-FR"},{"@type":"WebPage","@id":"https:\/\/we-net.ch\/wertquote-stockwerkeigentum-schweiz\/","url":"https:\/\/we-net.ch\/wertquote-stockwerkeigentum-schweiz\/","name":"Quote-part de la valeur de la propri\u00e9t\u00e9 par \u00e9tage : Calcul et signification - WENET AG","isPartOf":{"@id":"https:\/\/we-net.ch\/#website"},"primaryImageOfPage":{"@id":"https:\/\/we-net.ch\/wertquote-stockwerkeigentum-schweiz\/#primaryimage"},"image":{"@id":"https:\/\/we-net.ch\/wertquote-stockwerkeigentum-schweiz\/#primaryimage"},"thumbnailUrl":"https:\/\/staging.we-net.ch\/wp-content\/uploads\/2025\/10\/20251021-135431.png","datePublished":"2025-10-27T02:17:44+00:00","dateModified":"2025-10-27T02:17:51+00:00","description":"D\u00e9couvrez ce que signifie la quote-part de la valeur dans la propri\u00e9t\u00e9 par \u00e9tages en Suisse, comment elle est calcul\u00e9e et quel r\u00f4le elle joue dans les droits de vote et la r\u00e9partition des frais.","breadcrumb":{"@id":"https:\/\/we-net.ch\/wertquote-stockwerkeigentum-schweiz\/#breadcrumb"},"inLanguage":"fr-FR","potentialAction":[{"@type":"ReadAction","target":["https:\/\/we-net.ch\/wertquote-stockwerkeigentum-schweiz\/"]}]},{"@type":"ImageObject","inLanguage":"fr-FR","@id":"https:\/\/we-net.ch\/wertquote-stockwerkeigentum-schweiz\/#primaryimage","url":"https:\/\/staging.we-net.ch\/wp-content\/uploads\/2025\/10\/20251021-135431.png","contentUrl":"https:\/\/staging.we-net.ch\/wp-content\/uploads\/2025\/10\/20251021-135431.png","width":1200,"height":630,"caption":"Die Wertquote beim Stockwerkeigentum in der Schweiz"},{"@type":"BreadcrumbList","@id":"https:\/\/we-net.ch\/wertquote-stockwerkeigentum-schweiz\/#breadcrumb","itemListElement":[{"@type":"ListItem","position":1,"name":"Startseite","item":"https:\/\/we-net.ch\/"},{"@type":"ListItem","position":2,"name":"Die Wertquote beim Stockwerkeigentum in der Schweiz"}]},{"@type":"WebSite","@id":"https:\/\/we-net.ch\/#website","url":"https:\/\/we-net.ch\/","name":"WENET AG","description":"Immobilier","publisher":{"@id":"https:\/\/we-net.ch\/#organization"},"potentialAction":[{"@type":"SearchAction","target":{"@type":"EntryPoint","urlTemplate":"https:\/\/we-net.ch\/?s={search_term_string}"},"query-input":{"@type":"PropertyValueSpecification","valueRequired":true,"valueName":"search_term_string"}}],"inLanguage":"fr-FR"},{"@type":"Organization","@id":"https:\/\/we-net.ch\/#organization","name":"WENET AG","url":"https:\/\/we-net.ch\/","logo":{"@type":"ImageObject","inLanguage":"fr-FR","@id":"https:\/\/we-net.ch\/#\/schema\/logo\/image\/","url":"https:\/\/we-net.ch\/wp-content\/uploads\/2024\/11\/watermark2.png","contentUrl":"https:\/\/we-net.ch\/wp-content\/uploads\/2024\/11\/watermark2.png","width":800,"height":107,"caption":"WENET AG"},"image":{"@id":"https:\/\/we-net.ch\/#\/schema\/logo\/image\/"}},{"@type":"Person","@id":"https:\/\/we-net.ch\/#\/schema\/person\/c8a1f75d5c220e830b9645a28fc5aa85","name":"Alice Lenx"}]}},"_links":{"self":[{"href":"https:\/\/staging.we-net.ch\/fr\/wp-json\/wp\/v2\/posts\/169909","targetHints":{"allow":["GET"]}}],"collection":[{"href":"https:\/\/staging.we-net.ch\/fr\/wp-json\/wp\/v2\/posts"}],"about":[{"href":"https:\/\/staging.we-net.ch\/fr\/wp-json\/wp\/v2\/types\/post"}],"author":[{"embeddable":true,"href":"https:\/\/staging.we-net.ch\/fr\/wp-json\/wp\/v2\/users\/5254"}],"replies":[{"embeddable":true,"href":"https:\/\/staging.we-net.ch\/fr\/wp-json\/wp\/v2\/comments?post=169909"}],"version-history":[{"count":1,"href":"https:\/\/staging.we-net.ch\/fr\/wp-json\/wp\/v2\/posts\/169909\/revisions"}],"predecessor-version":[{"id":169911,"href":"https:\/\/staging.we-net.ch\/fr\/wp-json\/wp\/v2\/posts\/169909\/revisions\/169911"}],"wp:featuredmedia":[{"embeddable":true,"href":"https:\/\/staging.we-net.ch\/fr\/wp-json\/wp\/v2\/media\/169910"}],"wp:attachment":[{"href":"https:\/\/staging.we-net.ch\/fr\/wp-json\/wp\/v2\/media?parent=169909"}],"wp:term":[{"taxonomy":"category","embeddable":true,"href":"https:\/\/staging.we-net.ch\/fr\/wp-json\/wp\/v2\/categories?post=169909"},{"taxonomy":"post_tag","embeddable":true,"href":"https:\/\/staging.we-net.ch\/fr\/wp-json\/wp\/v2\/tags?post=169909"},{"taxonomy":"post_folder","embeddable":true,"href":"https:\/\/staging.we-net.ch\/fr\/wp-json\/wp\/v2\/post_folder?post=169909"}],"curies":[{"name":"wp","href":"https:\/\/api.w.org\/{rel}","templated":true}]}}