{"id":130463,"date":"2025-04-15T10:36:43","date_gmt":"2025-04-15T08:36:43","guid":{"rendered":"https:\/\/we-net.ch\/?p=130463"},"modified":"2025-04-15T10:36:45","modified_gmt":"2025-04-15T08:36:45","slug":"tendances-de-lhabitat-2025-en-suisse","status":"publish","type":"post","link":"https:\/\/staging.we-net.ch\/fr\/tendances-de-lhabitat-2025-en-suisse\/","title":{"rendered":"Tendances de l'habitat en 2025 en Suisse : durable, smart et styl\u00e9"},"content":{"rendered":"<p>Les tendances en mati\u00e8re d'habitat en Suisse pour l'ann\u00e9e 2025 refl\u00e8tent le d\u00e9sir de durabilit\u00e9, d'individualit\u00e9 et de design fonctionnel. Que ce soit pour la construction d'une maison, l'am\u00e9nagement d'un appartement ou le choix d'un bien immobilier, les Suisses misent de plus en plus sur <strong>des mat\u00e9riaux naturels, des solutions spatiales intelligentes et des concepts de couleurs audacieux<\/strong>. Ces \u00e9volutions n'influencent pas seulement la conception des espaces de vie, mais aussi les exigences en mati\u00e8re d'offres immobili\u00e8res.<\/p>\n\n\n\n<h2 class=\"wp-block-heading\" id=\"h-1-nachhaltigkeit-und-naturliche-materialien\">1. durabilit\u00e9 et mat\u00e9riaux naturels<\/h2>\n\n\n\n<p>La durabilit\u00e9 reste un th\u00e8me central dans l'habitat suisse. Les meubles en bois certifi\u00e9 FSC, en verre recycl\u00e9 et en tissus naturels comme le lin et le coton sont particuli\u00e8rement demand\u00e9s. Ces mat\u00e9riaux conf\u00e8rent \u00e0 la maison une note chaleureuse et organique et t\u00e9moignent d'une conscience croissante de la responsabilit\u00e9 \u00e9cologique.<\/p>\n\n\n\n<p>M\u00eame en choisissant des <a href=\"https:\/\/we-net.ch\/immobilien\/\">Immobilier<\/a> la durabilit\u00e9 gagne en importance. De plus en plus de propri\u00e9taires investissent dans des installations solaires et des technologies efficaces sur le plan \u00e9nerg\u00e9tique afin de r\u00e9duire leur empreinte \u00e9cologique.<\/p>\n\n\n\n<h2 class=\"wp-block-heading\" id=\"h-2-farbtrends-mut-zur-farbe\">2. tendances couleurs : osez la couleur<\/h2>\n\n\n\n<p>En 2025, les palettes de couleurs sont domin\u00e9es par des tons terreux comme le beige, le sable et la terre cuite. Les couleurs d'accentuation comme le bleu profond, le vert for\u00eat ou l'ocre mettent en valeur de mani\u00e8re cibl\u00e9e sans surcharger la pi\u00e8ce. Une autre tendance est le retour des d\u00e9grad\u00e9s de couleurs, par exemple gr\u00e2ce aux murs ombr\u00e9s et aux textiles aux transitions douces, qui conf\u00e8rent profondeur et \u00e9l\u00e9gance aux pi\u00e8ces.<\/p>\n\n\n\n<h2 class=\"wp-block-heading\" id=\"h-3-multifunktionale-mobel-und-smarte-raumlosungen\">3. meubles multifonctionnels et solutions d'espace intelligentes<\/h2>\n\n\n\n<p>Dans les zones urbaines, o\u00f9 l'espace de vie est souvent limit\u00e9, les meubles multifonctionnels sont particuli\u00e8rement demand\u00e9s. Les canap\u00e9s avec espace de rangement int\u00e9gr\u00e9 ou couchettes escamotables permettent d'optimiser l'espace sans renoncer au confort et au style.<\/p>\n\n\n\n<h2 class=\"wp-block-heading\" id=\"h-4-organische-formen-und-gemutlichkeit\">4. formes organiques et convivialit\u00e9<\/h2>\n\n\n\n<p>La tendance est aux formes organiques et rondes, qui ont un effet apaisant et favorisent un sentiment de vie ralentie. Des mat\u00e9riaux naturels comme le bois, la laine et la pierre compl\u00e8tent ce style et cr\u00e9ent une atmosph\u00e8re chaleureuse.<\/p>\n\n\n\n<h2 class=\"wp-block-heading\" id=\"h-5-retro-revival-und-mix-amp-match\">5. le revival r\u00e9tro et le mix &amp; match<\/h2>\n\n\n\n<p>Les styles d'am\u00e9nagement qui combinent des meubles anciens avec des nouveaux sont \u00e0 la mode. Les meubles vintage de caract\u00e8re et les looks r\u00e9tro des ann\u00e9es 1970, y compris les motifs psych\u00e9d\u00e9liques et les tons chauds, font un retour en force. L'expression individuelle est au premier plan, un m\u00e9lange harmonieux de diff\u00e9rents styles et \u00e9poques \u00e9tant demand\u00e9.<\/p>\n\n\n\n<p><\/p>\n\n\n\n<p>Vous cherchez un bien immobilier qui correspond \u00e0 votre style de vie individuel ? Chez WENET SA, vous trouverez une multitude d'offres immobili\u00e8res dans toute la Suisse - des appartements modernes aux maisons familiales durables. D\u00e9couvrez la diversit\u00e9 des possibilit\u00e9s qui vous permettront de mettre en \u0153uvre les derni\u00e8res tendances en mati\u00e8re d'habitat dans votre futur logement. <a href=\"https:\/\/we-net.ch\/kontakt\/\">Demandez conseil maintenant<\/a> et vivre avec style gr\u00e2ce \u00e0 WENET.<br><\/p>","protected":false},"excerpt":{"rendered":"<p>Les tendances en mati\u00e8re d'habitat en Suisse pour l'ann\u00e9e 2025 refl\u00e8tent le d\u00e9sir de durabilit\u00e9, d'individualit\u00e9 et de design fonctionnel. Que ce soit pour la construction d'une maison, l'am\u00e9nagement d'un appartement ou le choix d'un bien immobilier, les Suisses misent de plus en plus sur des mat\u00e9riaux naturels, des solutions spatiales intelligentes et des concepts de couleurs audacieux. Ces \u00e9volutions n'influencent pas seulement l'am\u00e9nagement des espaces de vie, mais aussi les<\/p>","protected":false},"author":5254,"featured_media":130489,"comment_status":"closed","ping_status":"open","sticky":false,"template":"","format":"standard","meta":{"_acf_changed":false,"_rtcl_gb_attr":"","inline_featured_image":false,"footnotes":""},"categories":[13471,13475,7,13476],"tags":[13483,13484,13486,13485,13488,13487],"post_folder":[],"class_list":["post-130463","post","type-post","status-publish","format-standard","has-post-thumbnail","hentry","category-immobilienkauf-in-der-schweiz","category-nachhaltiges-bauen","category-ratgeber","category-wohntrends-in-der-schweiz","tag-einrichtungstrends","tag-immobilien-schweiz","tag-inneneinrichtung","tag-nachhaltiges-wohnen","tag-wohndesign","tag-wohntrends-2025"],"acf":[],"yoast_head":"<!-- This site is optimized with the Yoast SEO Premium plugin v24.2 (Yoast SEO v27.1.1) - https:\/\/yoast.com\/product\/yoast-seo-premium-wordpress\/ -->\n<title>Wohntrends 2025 Schweiz: Nachhaltig, smart und stilvoll - WENET AG<\/title>\n<meta name=\"description\" content=\"Entdecke die Wohntrends 2025 in der Schweiz: Nachhaltigkeit, Farbe &amp; Funktionalit\u00e4t f\u00fcr dein Zuhause. Jetzt inspirieren lassen mit WENET AG.\" \/>\n<meta name=\"robots\" content=\"index, follow, max-snippet:-1, max-image-preview:large, max-video-preview:-1\" \/>\n<link rel=\"canonical\" href=\"https:\/\/we-net.ch\/wohntrends-2025-schweiz\/\" \/>\n<meta property=\"og:locale\" content=\"fr_FR\" \/>\n<meta property=\"og:type\" content=\"article\" \/>\n<meta property=\"og:title\" content=\"Wohntrends 2025 in der Schweiz: Nachhaltig, smart und stilvoll\" \/>\n<meta property=\"og:description\" content=\"Entdecke die Wohntrends 2025 in der Schweiz: Nachhaltigkeit, Farbe &amp; Funktionalit\u00e4t f\u00fcr dein Zuhause. Jetzt inspirieren lassen mit WENET AG.\" \/>\n<meta property=\"og:url\" content=\"https:\/\/we-net.ch\/wohntrends-2025-schweiz\/\" \/>\n<meta property=\"og:site_name\" content=\"WENET AG\" \/>\n<meta property=\"article:published_time\" content=\"2025-04-15T08:36:43+00:00\" \/>\n<meta property=\"article:modified_time\" content=\"2025-04-15T08:36:45+00:00\" \/>\n<meta property=\"og:image\" content=\"https:\/\/we-net.ch\/wp-content\/uploads\/2025\/04\/pexels-fotoaibe-1643383-scaled.jpg\" \/>\n\t<meta property=\"og:image:width\" content=\"2560\" \/>\n\t<meta property=\"og:image:height\" content=\"1685\" \/>\n\t<meta property=\"og:image:type\" content=\"image\/jpeg\" \/>\n<meta name=\"author\" content=\"Alice Lenx\" \/>\n<meta name=\"twitter:card\" content=\"summary_large_image\" \/>\n<meta name=\"twitter:label1\" content=\"\u00c9crit par\" \/>\n\t<meta name=\"twitter:data1\" content=\"Alice Lenx\" \/>\n\t<meta name=\"twitter:label2\" content=\"Dur\u00e9e de lecture estim\u00e9e\" \/>\n\t<meta name=\"twitter:data2\" content=\"2 minutes\" \/>\n<!-- \/ Yoast SEO Premium plugin. -->","yoast_head_json":{"title":"Tendances de l'habitat 2025 en Suisse : Durable, intelligent et styl\u00e9 - WENET AG","description":"D\u00e9couvre les tendances de l'habitat 2025 en Suisse : durabilit\u00e9, couleur &amp; fonctionnalit\u00e9 pour ta maison. Laisse-toi inspirer maintenant avec WENET AG.","robots":{"index":"index","follow":"follow","max-snippet":"max-snippet:-1","max-image-preview":"max-image-preview:large","max-video-preview":"max-video-preview:-1"},"canonical":"https:\/\/we-net.ch\/wohntrends-2025-schweiz\/","og_locale":"fr_FR","og_type":"article","og_title":"Wohntrends 2025 in der Schweiz: Nachhaltig, smart und stilvoll","og_description":"Entdecke die Wohntrends 2025 in der Schweiz: Nachhaltigkeit, Farbe & Funktionalit\u00e4t f\u00fcr dein Zuhause. Jetzt inspirieren lassen mit WENET AG.","og_url":"https:\/\/we-net.ch\/wohntrends-2025-schweiz\/","og_site_name":"WENET AG","article_published_time":"2025-04-15T08:36:43+00:00","article_modified_time":"2025-04-15T08:36:45+00:00","og_image":[{"width":2560,"height":1685,"url":"https:\/\/we-net.ch\/wp-content\/uploads\/2025\/04\/pexels-fotoaibe-1643383-scaled.jpg","type":"image\/jpeg"}],"author":"Alice Lenx","twitter_card":"summary_large_image","twitter_misc":{"\u00c9crit par":"Alice Lenx","Dur\u00e9e de lecture estim\u00e9e":"2 minutes"},"schema":{"@context":"https:\/\/schema.org","@graph":[{"@type":"Article","@id":"https:\/\/we-net.ch\/wohntrends-2025-schweiz\/#article","isPartOf":{"@id":"https:\/\/we-net.ch\/wohntrends-2025-schweiz\/"},"author":{"name":"Alice Lenx","@id":"https:\/\/we-net.ch\/#\/schema\/person\/c8a1f75d5c220e830b9645a28fc5aa85"},"headline":"Wohntrends 2025 in der Schweiz: Nachhaltig, smart und stilvoll","datePublished":"2025-04-15T08:36:43+00:00","dateModified":"2025-04-15T08:36:45+00:00","mainEntityOfPage":{"@id":"https:\/\/we-net.ch\/wohntrends-2025-schweiz\/"},"wordCount":399,"publisher":{"@id":"https:\/\/we-net.ch\/#organization"},"image":{"@id":"https:\/\/we-net.ch\/wohntrends-2025-schweiz\/#primaryimage"},"thumbnailUrl":"https:\/\/staging.we-net.ch\/wp-content\/uploads\/2025\/04\/pexels-fotoaibe-1643383-scaled.jpg","keywords":["Einrichtungstrends","Immobilien Schweiz","Inneneinrichtung","Nachhaltiges Wohnen","Wohndesign","Wohntrends 2025"],"articleSection":["Immobilienkauf in der Schweiz","Nachhaltiges Bauen","Ratgeber","Wohntrends in der Schweiz"],"inLanguage":"fr-FR"},{"@type":"WebPage","@id":"https:\/\/we-net.ch\/wohntrends-2025-schweiz\/","url":"https:\/\/we-net.ch\/wohntrends-2025-schweiz\/","name":"Tendances de l'habitat 2025 en Suisse : Durable, intelligent et styl\u00e9 - WENET AG","isPartOf":{"@id":"https:\/\/we-net.ch\/#website"},"primaryImageOfPage":{"@id":"https:\/\/we-net.ch\/wohntrends-2025-schweiz\/#primaryimage"},"image":{"@id":"https:\/\/we-net.ch\/wohntrends-2025-schweiz\/#primaryimage"},"thumbnailUrl":"https:\/\/staging.we-net.ch\/wp-content\/uploads\/2025\/04\/pexels-fotoaibe-1643383-scaled.jpg","datePublished":"2025-04-15T08:36:43+00:00","dateModified":"2025-04-15T08:36:45+00:00","description":"D\u00e9couvre les tendances de l'habitat 2025 en Suisse : durabilit\u00e9, couleur &amp; fonctionnalit\u00e9 pour ta maison. Laisse-toi inspirer maintenant avec WENET AG.","breadcrumb":{"@id":"https:\/\/we-net.ch\/wohntrends-2025-schweiz\/#breadcrumb"},"inLanguage":"fr-FR","potentialAction":[{"@type":"ReadAction","target":["https:\/\/we-net.ch\/wohntrends-2025-schweiz\/"]}]},{"@type":"ImageObject","inLanguage":"fr-FR","@id":"https:\/\/we-net.ch\/wohntrends-2025-schweiz\/#primaryimage","url":"https:\/\/staging.we-net.ch\/wp-content\/uploads\/2025\/04\/pexels-fotoaibe-1643383-scaled.jpg","contentUrl":"https:\/\/staging.we-net.ch\/wp-content\/uploads\/2025\/04\/pexels-fotoaibe-1643383-scaled.jpg","width":2560,"height":1685},{"@type":"BreadcrumbList","@id":"https:\/\/we-net.ch\/wohntrends-2025-schweiz\/#breadcrumb","itemListElement":[{"@type":"ListItem","position":1,"name":"Startseite","item":"https:\/\/we-net.ch\/"},{"@type":"ListItem","position":2,"name":"Wohntrends 2025 in der Schweiz: Nachhaltig, smart und stilvoll"}]},{"@type":"WebSite","@id":"https:\/\/we-net.ch\/#website","url":"https:\/\/we-net.ch\/","name":"WENET AG","description":"Immobilier","publisher":{"@id":"https:\/\/we-net.ch\/#organization"},"potentialAction":[{"@type":"SearchAction","target":{"@type":"EntryPoint","urlTemplate":"https:\/\/we-net.ch\/?s={search_term_string}"},"query-input":{"@type":"PropertyValueSpecification","valueRequired":true,"valueName":"search_term_string"}}],"inLanguage":"fr-FR"},{"@type":"Organization","@id":"https:\/\/we-net.ch\/#organization","name":"WENET AG","url":"https:\/\/we-net.ch\/","logo":{"@type":"ImageObject","inLanguage":"fr-FR","@id":"https:\/\/we-net.ch\/#\/schema\/logo\/image\/","url":"https:\/\/we-net.ch\/wp-content\/uploads\/2024\/11\/watermark2.png","contentUrl":"https:\/\/we-net.ch\/wp-content\/uploads\/2024\/11\/watermark2.png","width":800,"height":107,"caption":"WENET AG"},"image":{"@id":"https:\/\/we-net.ch\/#\/schema\/logo\/image\/"}},{"@type":"Person","@id":"https:\/\/we-net.ch\/#\/schema\/person\/c8a1f75d5c220e830b9645a28fc5aa85","name":"Alice Lenx"}]}},"_links":{"self":[{"href":"https:\/\/staging.we-net.ch\/fr\/wp-json\/wp\/v2\/posts\/130463","targetHints":{"allow":["GET"]}}],"collection":[{"href":"https:\/\/staging.we-net.ch\/fr\/wp-json\/wp\/v2\/posts"}],"about":[{"href":"https:\/\/staging.we-net.ch\/fr\/wp-json\/wp\/v2\/types\/post"}],"author":[{"embeddable":true,"href":"https:\/\/staging.we-net.ch\/fr\/wp-json\/wp\/v2\/users\/5254"}],"replies":[{"embeddable":true,"href":"https:\/\/staging.we-net.ch\/fr\/wp-json\/wp\/v2\/comments?post=130463"}],"version-history":[{"count":0,"href":"https:\/\/staging.we-net.ch\/fr\/wp-json\/wp\/v2\/posts\/130463\/revisions"}],"wp:featuredmedia":[{"embeddable":true,"href":"https:\/\/staging.we-net.ch\/fr\/wp-json\/wp\/v2\/media\/130489"}],"wp:attachment":[{"href":"https:\/\/staging.we-net.ch\/fr\/wp-json\/wp\/v2\/media?parent=130463"}],"wp:term":[{"taxonomy":"category","embeddable":true,"href":"https:\/\/staging.we-net.ch\/fr\/wp-json\/wp\/v2\/categories?post=130463"},{"taxonomy":"post_tag","embeddable":true,"href":"https:\/\/staging.we-net.ch\/fr\/wp-json\/wp\/v2\/tags?post=130463"},{"taxonomy":"post_folder","embeddable":true,"href":"https:\/\/staging.we-net.ch\/fr\/wp-json\/wp\/v2\/post_folder?post=130463"}],"curies":[{"name":"wp","href":"https:\/\/api.w.org\/{rel}","templated":true}]}}