{"id":5941,"date":"2018-09-18T08:21:42","date_gmt":"2018-09-18T06:21:42","guid":{"rendered":"https:\/\/heuristic-burnell.87-106-72-239.plesk.page\/?p=5941"},"modified":"2025-04-25T11:46:07","modified_gmt":"2025-04-25T09:46:07","slug":"demuestre-su-coeficiente-intelectual","status":"publish","type":"post","link":"https:\/\/staging.we-net.ch\/es\/demuestre-su-coeficiente-intelectual\/","title":{"rendered":"DEMUESTRE SU COEFICIENTE INTELECTUAL"},"content":{"rendered":"<h3 class=\"wp-block-heading has-x-large-font-size\" id=\"h-wieso-eigenheim\"><mark style=\"background-color:rgba(0, 0, 0, 0)\" class=\"has-inline-color has-black-color\">\u00bfPOR QU\u00c9 SU PROPIA CASA?<\/mark><\/h3>\n\n\n\n<p>Cualquiera que busque piso cerca de las grandes ciudades se dar\u00e1 cuenta enseguida de lo elevados que son los alquileres actuales, y cuanto m\u00e1s c\u00e9ntrico quiera vivir, m\u00e1s dinero tendr\u00e1 que desembolsar cada mes. El problema es que los alquileres se han duplicado en algunas localidades en las \u00faltimas d\u00e9cadas, mientras que los salarios, por desgracia, no han subido en la misma medida.<\/p>\n\n\n\n<p>Sin embargo, ser propietario de una vivienda puede ayudar en este sentido: Una hipoteca a largo plazo suele ser mucho m\u00e1s favorable que el alquiler de una vivienda comparable durante el mismo periodo.&nbsp;<\/p>\n\n\n\n<p>Adem\u00e1s, tiene la ventaja fundamental de que tu casa te pertenece de verdad. Esto es una gran ventaja, sobre todo para las familias j\u00f3venes, ya que pueden organizar su casa en funci\u00f3n de sus necesidades.<\/p>\n\n\n\n<p><br>Estaremos encantados de facilitarle m\u00e1s informaci\u00f3n.&nbsp;<\/p>\n\n\n\n<h3 class=\"wp-block-heading\" id=\"h-steuervorteile\">VENTAJAS FISCALES<\/h3>\n\n\n\n<figure class=\"wp-block-image size-full\"><img fetchpriority=\"high\" decoding=\"async\" width=\"499\" height=\"363\" src=\"https:\/\/we-net.ch\/wp-content\/uploads\/2023\/03\/AdobeStock_306991806.webp\" alt=\"VENTAJAS FISCALES\" class=\"wp-image-5943\" srcset=\"https:\/\/staging.we-net.ch\/wp-content\/uploads\/2023\/03\/AdobeStock_306991806.webp 499w, https:\/\/staging.we-net.ch\/wp-content\/uploads\/2023\/03\/AdobeStock_306991806-300x218.webp 300w\" sizes=\"(max-width: 499px) 100vw, 499px\" \/><\/figure>\n\n\n\n<p>Adem\u00e1s, la compra de una vivienda tambi\u00e9n conlleva ventajas fiscales: puede deducir \u00edntegramente de su renta imponible los intereses hipotecarios a pagar (y las renovaciones para mantener el valor). Para compensarlo, sin embargo, se a\u00f1ade a sus ingresos un valor de alquiler imputado. Este asciende a unos 60 % de un alquiler est\u00e1ndar de mercado para una propiedad comparable.<\/p>\n\n\n\n<p>Adem\u00e1s de estas deducciones por el lado de los ingresos, la totalidad de la deuda hipotecaria puede deducirse del patrimonio imponible. Si opta por la amortizaci\u00f3n indirecta a trav\u00e9s de una cuenta del pilar 3a, se aplican otras deducciones fiscales.<\/p>\n\n\n\n<h3 class=\"wp-block-heading\" id=\"h-wohneigentum-grosse-investition\">VIVIENDA EN PROPIEDAD = GRAN INVERSI\u00d3N<\/h3>\n\n\n\n<p>La compra de una vivienda es una inversi\u00f3n importante, pero a largo plazo puede resultar muy rentable. Como el espacio en Suiza es limitado y la poblaci\u00f3n aumenta constantemente, hay escasez de espacio edificable y habitable, y una regla b\u00e1sica de la econom\u00eda es: cuanta menos oferta hay, m\u00e1s cara resulta. Por tanto, las posibilidades de revalorizaci\u00f3n son buenas.<\/p>\n\n\n\n<figure class=\"wp-block-image size-full\"><img decoding=\"async\" width=\"596\" height=\"397\" src=\"https:\/\/we-net.ch\/wp-content\/uploads\/2023\/03\/AdobeStock_325146320.webp\" alt=\"DISPOSICIONES RELATIVAS A LA EDAD\" class=\"wp-image-5944\" srcset=\"https:\/\/staging.we-net.ch\/wp-content\/uploads\/2023\/03\/AdobeStock_325146320.webp 596w, https:\/\/staging.we-net.ch\/wp-content\/uploads\/2023\/03\/AdobeStock_325146320-300x200.webp 300w\" sizes=\"(max-width: 596px) 100vw, 596px\" \/><\/figure>\n\n\n\n<h3 class=\"wp-block-heading\" id=\"h-altersvorsorge\">DISPOSICIONES RELATIVAS A LA EDAD<\/h3>\n\n\n\n<p>Si se adquiere una vivienda propia con suficiente antelaci\u00f3n mediante una hipoteca, se puede amortizar total o parcialmente en el momento de la jubilaci\u00f3n. Esto significa que el coste de la vivienda se elimina parcialmente (o incluso totalmente) en la edad de jubilaci\u00f3n, lo que compensa elegantemente la reducci\u00f3n de ingresos como consecuencia de la jubilaci\u00f3n.<\/p>\n\n\n\n<p>Y si llega a una edad en la que ya no puede o no quiere vivir en una casa, el beneficio de la venta del inmueble es un bienvenido complemento a su pensi\u00f3n.<\/p>","protected":false},"excerpt":{"rendered":"<p>\u00bfPOR QU\u00c9 TENER CASA PROPIA? Cualquiera que busque pisos cerca de las grandes ciudades se dar\u00e1 cuenta enseguida de lo altos que son los alquileres actuales, y cuanto m\u00e1s c\u00e9ntrico quiera vivir, m\u00e1s dinero tendr\u00e1 que desembolsar cada mes. El problema es que los alquileres han subido mucho en algunos lugares en las \u00faltimas d\u00e9cadas.<\/p>","protected":false},"author":2,"featured_media":31815,"comment_status":"open","ping_status":"open","sticky":false,"template":"","format":"standard","meta":{"_acf_changed":false,"_rtcl_gb_attr":"","inline_featured_image":false,"footnotes":""},"categories":[7],"tags":[],"post_folder":[13318],"class_list":["post-5941","post","type-post","status-publish","format-standard","has-post-thumbnail","hentry","category-ratgeber"],"acf":[],"yoast_head":"<!-- This site is optimized with the Yoast SEO Premium plugin v24.2 (Yoast SEO v27.1.1) - https:\/\/yoast.com\/product\/yoast-seo-premium-wordpress\/ -->\n<title>Beweisen Sie Ihren IQ beim Hauskauf oder bei der Anmietung<\/title>\n<meta name=\"description\" content=\"Beweisen Sie Ihren IQ durch kluge Entscheidungen - entdecken Sie unsere M\u00f6glichkeiten, ein Haus zu kaufen oder zu mieten. Beginnen Sie Ihre Reise jetzt\" \/>\n<meta name=\"robots\" content=\"index, follow, max-snippet:-1, max-image-preview:large, max-video-preview:-1\" \/>\n<link rel=\"canonical\" href=\"https:\/\/we-net.ch\/beweisen-sie-iq\/\" \/>\n<meta property=\"og:locale\" content=\"es_ES\" \/>\n<meta property=\"og:type\" content=\"article\" \/>\n<meta property=\"og:title\" content=\"BEWEISEN SIE IQ\" \/>\n<meta property=\"og:description\" content=\"Beweisen Sie Ihren IQ durch kluge Entscheidungen - entdecken Sie unsere M\u00f6glichkeiten, ein Haus zu kaufen oder zu mieten. Beginnen Sie Ihre Reise jetzt\" \/>\n<meta property=\"og:url\" content=\"https:\/\/we-net.ch\/beweisen-sie-iq\/\" \/>\n<meta property=\"og:site_name\" content=\"WENET AG\" \/>\n<meta property=\"article:published_time\" content=\"2018-09-18T06:21:42+00:00\" \/>\n<meta property=\"article:modified_time\" content=\"2025-04-25T09:46:07+00:00\" \/>\n<meta property=\"og:image\" content=\"https:\/\/we-net.ch\/wp-content\/uploads\/2018\/09\/Black-and-White-Modern-Get-The-Best-Car-Instagram-Post-900-x-600-pxgtthth.png\" \/>\n\t<meta property=\"og:image:width\" content=\"900\" \/>\n\t<meta property=\"og:image:height\" content=\"600\" \/>\n\t<meta property=\"og:image:type\" content=\"image\/png\" \/>\n<meta name=\"author\" content=\"Yves wenet\" \/>\n<meta name=\"twitter:card\" content=\"summary_large_image\" \/>\n<meta name=\"twitter:label1\" content=\"Escrito por\" \/>\n\t<meta name=\"twitter:data1\" content=\"Yves wenet\" \/>\n\t<meta name=\"twitter:label2\" content=\"Tiempo de lectura\" \/>\n\t<meta name=\"twitter:data2\" content=\"3 minutos\" \/>\n<!-- \/ Yoast SEO Premium plugin. -->","yoast_head_json":{"title":"Demuestra tu coeficiente intelectual al comprar o alquilar una casa","description":"Demuestra tu coeficiente intelectual tomando decisiones inteligentes: descubre nuestras opciones para comprar o alquilar una vivienda. Empieza tu viaje ahora","robots":{"index":"index","follow":"follow","max-snippet":"max-snippet:-1","max-image-preview":"max-image-preview:large","max-video-preview":"max-video-preview:-1"},"canonical":"https:\/\/we-net.ch\/beweisen-sie-iq\/","og_locale":"es_ES","og_type":"article","og_title":"BEWEISEN SIE IQ","og_description":"Beweisen Sie Ihren IQ durch kluge Entscheidungen - entdecken Sie unsere M\u00f6glichkeiten, ein Haus zu kaufen oder zu mieten. Beginnen Sie Ihre Reise jetzt","og_url":"https:\/\/we-net.ch\/beweisen-sie-iq\/","og_site_name":"WENET AG","article_published_time":"2018-09-18T06:21:42+00:00","article_modified_time":"2025-04-25T09:46:07+00:00","og_image":[{"width":900,"height":600,"url":"https:\/\/we-net.ch\/wp-content\/uploads\/2018\/09\/Black-and-White-Modern-Get-The-Best-Car-Instagram-Post-900-x-600-pxgtthth.png","type":"image\/png"}],"author":"Yves wenet","twitter_card":"summary_large_image","twitter_misc":{"Escrito por":"Yves wenet","Tiempo de lectura":"3 minutos"},"schema":{"@context":"https:\/\/schema.org","@graph":[{"@type":"Article","@id":"https:\/\/we-net.ch\/beweisen-sie-iq\/#article","isPartOf":{"@id":"https:\/\/we-net.ch\/beweisen-sie-iq\/"},"author":{"name":"Yves wenet","@id":"https:\/\/we-net.ch\/#\/schema\/person\/1e19465d6f71bce134e72ddd578ff284"},"headline":"BEWEISEN SIE IQ","datePublished":"2018-09-18T06:21:42+00:00","dateModified":"2025-04-25T09:46:07+00:00","mainEntityOfPage":{"@id":"https:\/\/we-net.ch\/beweisen-sie-iq\/"},"wordCount":411,"commentCount":0,"publisher":{"@id":"https:\/\/we-net.ch\/#organization"},"image":{"@id":"https:\/\/we-net.ch\/beweisen-sie-iq\/#primaryimage"},"thumbnailUrl":"https:\/\/staging.we-net.ch\/wp-content\/uploads\/2018\/09\/Black-and-White-Modern-Get-The-Best-Car-Instagram-Post-900-x-600-pxgtthth.png","articleSection":["Ratgeber"],"inLanguage":"es","potentialAction":[{"@type":"CommentAction","name":"Comment","target":["https:\/\/we-net.ch\/beweisen-sie-iq\/#respond"]}]},{"@type":"WebPage","@id":"https:\/\/we-net.ch\/beweisen-sie-iq\/","url":"https:\/\/we-net.ch\/beweisen-sie-iq\/","name":"Demuestra tu coeficiente intelectual al comprar o alquilar una casa","isPartOf":{"@id":"https:\/\/we-net.ch\/#website"},"primaryImageOfPage":{"@id":"https:\/\/we-net.ch\/beweisen-sie-iq\/#primaryimage"},"image":{"@id":"https:\/\/we-net.ch\/beweisen-sie-iq\/#primaryimage"},"thumbnailUrl":"https:\/\/staging.we-net.ch\/wp-content\/uploads\/2018\/09\/Black-and-White-Modern-Get-The-Best-Car-Instagram-Post-900-x-600-pxgtthth.png","datePublished":"2018-09-18T06:21:42+00:00","dateModified":"2025-04-25T09:46:07+00:00","description":"Demuestra tu coeficiente intelectual tomando decisiones inteligentes: descubre nuestras opciones para comprar o alquilar una vivienda. Empieza tu viaje ahora","breadcrumb":{"@id":"https:\/\/we-net.ch\/beweisen-sie-iq\/#breadcrumb"},"inLanguage":"es","potentialAction":[{"@type":"ReadAction","target":["https:\/\/we-net.ch\/beweisen-sie-iq\/"]}]},{"@type":"ImageObject","inLanguage":"es","@id":"https:\/\/we-net.ch\/beweisen-sie-iq\/#primaryimage","url":"https:\/\/staging.we-net.ch\/wp-content\/uploads\/2018\/09\/Black-and-White-Modern-Get-The-Best-Car-Instagram-Post-900-x-600-pxgtthth.png","contentUrl":"https:\/\/staging.we-net.ch\/wp-content\/uploads\/2018\/09\/Black-and-White-Modern-Get-The-Best-Car-Instagram-Post-900-x-600-pxgtthth.png","width":900,"height":600,"caption":"BEWEISEN SIE IQ"},{"@type":"BreadcrumbList","@id":"https:\/\/we-net.ch\/beweisen-sie-iq\/#breadcrumb","itemListElement":[{"@type":"ListItem","position":1,"name":"Startseite","item":"https:\/\/we-net.ch\/"},{"@type":"ListItem","position":2,"name":"BEWEISEN SIE IQ"}]},{"@type":"WebSite","@id":"https:\/\/we-net.ch\/#website","url":"https:\/\/we-net.ch\/","name":"WENET AG","description":"Inmobiliario","publisher":{"@id":"https:\/\/we-net.ch\/#organization"},"potentialAction":[{"@type":"SearchAction","target":{"@type":"EntryPoint","urlTemplate":"https:\/\/we-net.ch\/?s={search_term_string}"},"query-input":{"@type":"PropertyValueSpecification","valueRequired":true,"valueName":"search_term_string"}}],"inLanguage":"es"},{"@type":"Organization","@id":"https:\/\/we-net.ch\/#organization","name":"WENET AG","url":"https:\/\/we-net.ch\/","logo":{"@type":"ImageObject","inLanguage":"es","@id":"https:\/\/we-net.ch\/#\/schema\/logo\/image\/","url":"https:\/\/we-net.ch\/wp-content\/uploads\/2024\/11\/watermark2.png","contentUrl":"https:\/\/we-net.ch\/wp-content\/uploads\/2024\/11\/watermark2.png","width":800,"height":107,"caption":"WENET AG"},"image":{"@id":"https:\/\/we-net.ch\/#\/schema\/logo\/image\/"}},{"@type":"Person","@id":"https:\/\/we-net.ch\/#\/schema\/person\/1e19465d6f71bce134e72ddd578ff284","name":"Yves wenet"}]}},"_links":{"self":[{"href":"https:\/\/staging.we-net.ch\/es\/wp-json\/wp\/v2\/posts\/5941","targetHints":{"allow":["GET"]}}],"collection":[{"href":"https:\/\/staging.we-net.ch\/es\/wp-json\/wp\/v2\/posts"}],"about":[{"href":"https:\/\/staging.we-net.ch\/es\/wp-json\/wp\/v2\/types\/post"}],"author":[{"embeddable":true,"href":"https:\/\/staging.we-net.ch\/es\/wp-json\/wp\/v2\/users\/2"}],"replies":[{"embeddable":true,"href":"https:\/\/staging.we-net.ch\/es\/wp-json\/wp\/v2\/comments?post=5941"}],"version-history":[{"count":0,"href":"https:\/\/staging.we-net.ch\/es\/wp-json\/wp\/v2\/posts\/5941\/revisions"}],"wp:featuredmedia":[{"embeddable":true,"href":"https:\/\/staging.we-net.ch\/es\/wp-json\/wp\/v2\/media\/31815"}],"wp:attachment":[{"href":"https:\/\/staging.we-net.ch\/es\/wp-json\/wp\/v2\/media?parent=5941"}],"wp:term":[{"taxonomy":"category","embeddable":true,"href":"https:\/\/staging.we-net.ch\/es\/wp-json\/wp\/v2\/categories?post=5941"},{"taxonomy":"post_tag","embeddable":true,"href":"https:\/\/staging.we-net.ch\/es\/wp-json\/wp\/v2\/tags?post=5941"},{"taxonomy":"post_folder","embeddable":true,"href":"https:\/\/staging.we-net.ch\/es\/wp-json\/wp\/v2\/post_folder?post=5941"}],"curies":[{"name":"wp","href":"https:\/\/api.w.org\/{rel}","templated":true}]}}