{"id":181130,"date":"2026-03-02T09:08:31","date_gmt":"2026-03-02T08:08:31","guid":{"rendered":"https:\/\/we-net.ch\/?p=181130"},"modified":"2026-03-03T10:11:14","modified_gmt":"2026-03-03T09:11:14","slug":"el-cambio-demografico-y-el-mercado-inmobiliario-suizo-por-que-las-viviendas-adaptadas-a-la-edad-son-cada-vez-mas-importantes","status":"publish","type":"post","link":"https:\/\/staging.we-net.ch\/es\/el-cambio-demografico-y-el-mercado-inmobiliario-suizo-por-que-las-viviendas-adaptadas-a-la-edad-son-cada-vez-mas-importantes\/","title":{"rendered":"El cambio demogr\u00e1fico y el mercado inmobiliario suizo: por qu\u00e9 es cada vez m\u00e1s importante vivir seg\u00fan la edad"},"content":{"rendered":"<div data-elementor-type=\"wp-post\" data-elementor-id=\"181130\" class=\"elementor elementor-181130\" data-elementor-post-type=\"post\">\n\t\t\t\t<div class=\"elementor-element elementor-element-31fb1472 e-flex e-con-boxed e-con e-parent\" data-id=\"31fb1472\" data-element_type=\"container\" data-e-type=\"container\">\n\t\t\t\t\t<div class=\"e-con-inner\">\n\t\t\t\t<div class=\"elementor-element elementor-element-7d1bf485 elementor-widget elementor-widget-text-editor\" data-id=\"7d1bf485\" data-element_type=\"widget\" data-e-type=\"widget\" id=\"textContent\" data-widget_type=\"text-editor.default\">\n\t\t\t\t<div class=\"elementor-widget-container\">\n\t\t\t\t\t\t\t\t\t<p>El mercado inmobiliario suizo est\u00e1 atravesando una fase de cambio estructural. Aunque en los \u00faltimos a\u00f1os la atenci\u00f3n se ha centrado principalmente en la situaci\u00f3n de los tipos de inter\u00e9s, la evoluci\u00f3n de los precios y la escasez de viviendas, ahora hay un factor a largo plazo que est\u00e1 adquiriendo cada vez m\u00e1s protagonismo: el cambio demogr\u00e1fico.<\/p><p>La poblaci\u00f3n suiza envejece, y esta tendencia no es coyuntural ni coyuntural. Se trata m\u00e1s bien de una evoluci\u00f3n que configurar\u00e1 el mercado inmobiliario durante las pr\u00f3ximas d\u00e9cadas. Para los propietarios, los inversores y los promotores de proyectos, esto supone nuevos retos, pero tambi\u00e9n oportunidades sostenibles.<\/p><h3>\u00bfQu\u00e9 es vivir de acuerdo con la edad?<\/h3><p>La vida adaptada a la edad se refiere a conceptos de vida modernos para personas mayores que combinan comodidad, seguridad e independencia. Se trata de pisos adaptados a la edad, viviendas sin barreras, viviendas asistidas y barrios intergeneracionales. El objetivo es que los residentes puedan llevar una vida aut\u00f3noma, a menudo cerca de la asistencia m\u00e9dica y los servicios sociales.<\/p><h2>El envejecimiento de la sociedad modifica la demanda de vivienda<\/h2><p>La esperanza de vida en Suiza es una de las m\u00e1s altas del mundo. Al mismo tiempo, una gran generaci\u00f3n alcanza la edad de jubilaci\u00f3n. Cada vez m\u00e1s personas buscan formas de vida que combinen comodidad, seguridad e independencia.<\/p><p>Hoy ya no se trata s\u00f3lo de residencias tradicionales. M\u00e1s bien, conceptos de vida modernos como<\/p><ul><li><p>Pisos adaptados a la edad<\/p><\/li><li><p>Edificios de apartamentos sin barreras<\/p><\/li><li><p>Vida asistida<\/p><\/li><li><p>Barrios intergeneracionales<\/p><\/li><li><p>Pisos con proximidad a infraestructuras m\u00e9dicas<\/p><\/li><\/ul><p>Muchas personas mayores desean vivir de forma independiente el mayor tiempo posible. El llamado \u201eenvejecimiento en casa\u201c se est\u00e1 convirtiendo en un tema central en el mercado suizo de la vivienda.<\/p><h2>Una oferta limitada para una demanda creciente<\/h2><p>Al mismo tiempo, la oferta de inmuebles adecuados sigue siendo limitada. Las nuevas construcciones en Suiza est\u00e1n sujetas a estrictos procesos de planificaci\u00f3n, costes de construcci\u00f3n crecientes y escasas reservas de suelo edificable. Por tanto, las formas especializadas de vivienda surgen m\u00e1s despacio de lo que crece la demanda.<\/p><p>Tambi\u00e9n se da un fen\u00f3meno t\u00edpico del mercado suizo: muchos propietarios permanecen en sus viviendas unifamiliares o pisos grandes incluso a una edad avanzada. Esto significa que hay menos espacio vital disponible, lo que sigue ejerciendo presi\u00f3n sobre el mercado general de la vivienda.<\/p><p>Esta tendencia est\u00e1 dando lugar a una creciente importancia de las conversiones, modernizaciones y adaptaciones espec\u00edficas de los inmuebles.<\/p><table><thead><tr><th><strong>Cifra clave<\/strong><\/th><th><strong>Situaci\u00f3n actual<\/strong><\/th><th><strong>Previsi\u00f3n<\/strong><\/th><th><strong>Importancia para el sector inmobiliario<\/strong><\/th><\/tr><\/thead><tbody><tr><td>Proporci\u00f3n de poblaci\u00f3n mayor de 65 a\u00f1os<\/td><td>19.3 % (2023)<\/td><td>aprox. 26 % hasta 2055<\/td><td>Fuerte aumento de la demanda de viviendas adaptadas a la edad<\/td><\/tr><tr><td>Poblaci\u00f3n mayor de 80 a\u00f1os<\/td><td>0,54 millones de personas (2023)<\/td><td>aproximadamente 1,1 millones en 2055<\/td><td>Duplicar la necesidad de residencias asistidas<\/td><\/tr><tr><td>Esperanza de vida de los hombres<\/td><td>81,9 a\u00f1os<\/td><td>subiendo m\u00e1s<\/td><td>Fase de vida independiente m\u00e1s larga<\/td><\/tr><tr><td>Esperanza de vida de las mujeres<\/td><td>85,7 a\u00f1os<\/td><td>subiendo m\u00e1s<\/td><td>Mayor demanda de pisos sin barreras<\/td><\/tr><tr><td>Cociente de edad (65+ a 20-64 a\u00f1os)<\/td><td>31 personas por cada 100 empleados<\/td><td>aprox. 48 a 2055<\/td><td>Cambio estructural en la demanda de vivienda<\/td><\/tr><tr><td>Hogares privados 65+<\/td><td>m\u00e1s de 2,2 millones de personas<\/td><td>en fuerte crecimiento<\/td><td>M\u00e1s pisos peque\u00f1os y orientados a los servicios<\/td><\/tr><\/tbody><\/table><h2>La vida adecuada a la edad como estrategia de propiedad estable<\/h2><p>Desde el punto de vista del inversor, el segmento de la vivienda adaptada a la edad resulta cada vez m\u00e1s atractivo. En comparaci\u00f3n con las inversiones inmobiliarias tradicionales, se caracteriza por varios factores estables:<\/p><ul><li><p>Demanda previsible a largo plazo<\/p><\/li><li><p>Baja ciclicidad<\/p><\/li><li><p>Alquiler sostenible<\/p><\/li><li><p>Relevancia social<\/p><\/li><\/ul><p>Los inversores institucionales, como los fondos de pensiones y las compa\u00f1\u00edas de seguros, centran cada vez m\u00e1s sus estrategias en formas de vivienda con requisitos de uso a largo plazo. Los inmuebles adaptados a la evoluci\u00f3n demogr\u00e1fica se consideran cada vez m\u00e1s una clase de activos defensivos y orientados al futuro.<\/p><h2>La calidad de la ubicaci\u00f3n sigue siendo crucial<\/h2><p>No todos los lugares son igualmente adecuados para vivir seg\u00fan la edad. Ubicaciones con:<\/p><ul><li><p>buena atenci\u00f3n m\u00e9dica<\/p><\/li><li><p>transporte p\u00fablico a poca distancia<\/p><\/li><li><p>Tiendas en los alrededores<\/p><\/li><li><p>infraestructuras urbanas con una alta calidad de vida<\/p><\/li><\/ul><p>Las regiones urbanas y las aglomeraciones econ\u00f3micamente fuertes tienen aqu\u00ed perspectivas especialmente estables. Al mismo tiempo, tambi\u00e9n est\u00e1n surgiendo nuevas oportunidades en centros regionales bien conectados.<\/p><h2>Oportunidades para propietarios y vendedores<\/h2><p>El cambio demogr\u00e1fico no s\u00f3lo afecta a los inversores, sino tambi\u00e9n a los propietarios privados. Tarde o temprano, muchos se har\u00e1n preguntas como:<\/p><ul><li><p>\u00bfEs mi propiedad adecuada para la edad a largo plazo?<\/p><\/li><li><p>\u00bfCu\u00e1l es la demanda futura de mi propiedad?<\/p><\/li><li><p>\u00bfTiene sentido una venta, un ajuste o un reposicionamiento?<\/p><\/li><\/ul><p>Un an\u00e1lisis de mercado bien fundamentado es cada vez m\u00e1s importante. Hoy en d\u00eda, las decisiones inmobiliarias son cada vez m\u00e1s estrat\u00e9gicas y menos puramente emocionales.<\/p><h2>La experiencia inmobiliaria a trav\u00e9s de los tiempos<\/h2><p>Como empresa inmobiliaria, WENET AG lleva a\u00f1os observando muy de cerca esta evoluci\u00f3n estructural. El mercado se aleja de las tendencias a corto plazo y se orienta hacia conceptos de utilizaci\u00f3n sostenibles que tienen en cuenta los cambios sociales.<\/p><p>Ya sea para vender, valorar o posicionar estrat\u00e9gicamente una propiedad: el apoyo profesional ayuda a reconocer las oportunidades en una fase temprana y a tomar decisiones bien fundadas.<\/p><p>Especialmente en el contexto del cambio demogr\u00e1fico, est\u00e1 claro que la propiedad no es s\u00f3lo un espacio vital, sino que tambi\u00e9n refleja decisiones de inversi\u00f3n y estilo de vida a largo plazo.<\/p><h2>Una mirada al futuro<\/h2><p>El mercado inmobiliario suizo se mantiene estable, pero est\u00e1 m\u00e1s diferenciado que en el pasado. Las formas de vivienda para una sociedad que envejece son cada vez m\u00e1s parte integrante del desarrollo urbano y de los barrios modernos.<\/p><p>Quienes se ocupan hoy de esta evoluci\u00f3n sientan las bases de un valor inmobiliario sostenible en el futuro.<\/p><p>Por tanto, la vida adaptada a la edad no es tanto una tendencia a corto plazo como un cambio estructural y, por tanto, una cuesti\u00f3n que acompa\u00f1ar\u00e1 al mercado inmobiliario suizo a largo plazo.<\/p><h3 data-start=\"1069\" data-end=\"1080\">Fuentes<\/h3><ul><li data-start=\"1082\" data-end=\"1238\">Oficina Federal de Estad\u00edstica (OFS) - Escenarios demogr\u00e1ficos para Suiza<br data-start=\"1143\" data-end=\"1146\" \/><a class=\"decorated-link\" href=\"https:\/\/www.bfs.admin.ch\/bfs\/de\/home\/statistiken\/bevoelkerung\/zukuenftige-entwicklung.html\" target=\"_new\" rel=\"noopener\" data-start=\"1146\" data-end=\"1236\">https:\/\/www.bfs.admin.ch\/bfs\/de\/home\/statistiken\/bevoelkerung\/zukuenftige-entwicklung.html<\/a><\/li><li data-start=\"1240\" data-end=\"1403\">Oficina Federal de Estad\u00edstica (OFS) - Esperanza de vida en Suiza<br data-start=\"1295\" data-end=\"1298\" \/><a class=\"decorated-link\" href=\"https:\/\/www.bfs.admin.ch\/bfs\/de\/home\/statistiken\/bevoelkerung\/geburten-todesfaelle\/lebenserwartung.html\" target=\"_new\" rel=\"noopener\" data-start=\"1298\" data-end=\"1401\">https:\/\/www.bfs.admin.ch\/bfs\/de\/home\/statistiken\/bevoelkerung\/geburten-todesfaelle\/lebenserwartung.html<\/a><\/li><li data-start=\"1405\" data-end=\"1503\">Datos de la OCDE - Demograf\u00eda y envejecimiento Suiza<br data-start=\"1450\" data-end=\"1453\" \/><a class=\"decorated-link\" href=\"https:\/\/data.oecd.org\/pop\/elderly-population.htm\" target=\"_new\" rel=\"noopener\" data-start=\"1453\" data-end=\"1501\">https:\/\/data.oecd.org\/pop\/elderly-population.htm<\/a><\/li><li data-start=\"1505\" data-end=\"1650\">Eurostat - Estructura y envejecimiento de la poblaci\u00f3n<br data-start=\"1547\" data-end=\"1550\" \/><a class=\"decorated-link cursor-pointer\" href=\"https:\/\/ec.europa.eu\/eurostat\/statistics-explained\/index.php?title=Population_structure_and_ageing\" target=\"_new\" rel=\"noopener\" data-start=\"1550\" data-end=\"1648\">https:\/\/ec.europa.eu\/eurostat\/statistics-explained\/index.php?title=Population_structure_and_ageing<\/a><\/li><\/ul>\t\t\t\t\t\t\t\t<\/div>\n\t\t\t\t<\/div>\n\t\t\t\t\t<\/div>\n\t\t\t\t<\/div>\n\t\t\t\t<\/div>","protected":false},"excerpt":{"rendered":"<p>El mercado inmobiliario suizo est\u00e1 atravesando una fase de cambio estructural. Aunque en los \u00faltimos a\u00f1os la atenci\u00f3n se ha centrado principalmente en la situaci\u00f3n de los tipos de inter\u00e9s, la evoluci\u00f3n de los precios y la escasez de viviendas, ahora hay un factor a largo plazo que est\u00e1 adquiriendo cada vez m\u00e1s protagonismo: el cambio demogr\u00e1fico.<\/p>","protected":false},"author":9039,"featured_media":181265,"comment_status":"closed","ping_status":"open","sticky":false,"template":"","format":"standard","meta":{"_acf_changed":false,"_rtcl_gb_attr":"","inline_featured_image":false,"footnotes":""},"categories":[13470,13476],"tags":[13484,13825,13824],"post_folder":[],"class_list":["post-181130","post","type-post","status-publish","format-standard","has-post-thumbnail","hentry","category-immobilienmarkt-schweiz","category-wohntrends-in-der-schweiz","tag-immobilien-schweiz","tag-immobilienetwicklung","tag-immobilienprojekte"],"acf":[],"yoast_head":"<!-- This site is optimized with the Yoast SEO Premium plugin v24.2 (Yoast SEO v27.1.1) - https:\/\/yoast.com\/product\/yoast-seo-premium-wordpress\/ -->\n<title>Warum Altersgerechtes Wohnen zunehmend an Bedeutung gewinnt - WENET AG<\/title>\n<meta name=\"description\" content=\"Der Schweizer Immobilienmarkt befindet sich in einer Phase struktureller Ver\u00e4nderungen. W\u00e4hrend in den vergangenen Jahren vor allem Zinssituation, Preisentwicklung und Wohnraummangel im Fokus standen, r\u00fcckt nun ein langfristiger Treiber immer st\u00e4rker in den Mittelpunkt: der demografische Wandel.\" \/>\n<meta name=\"robots\" content=\"index, follow, max-snippet:-1, max-image-preview:large, max-video-preview:-1\" \/>\n<link rel=\"canonical\" href=\"https:\/\/we-net.ch\/demografischer-wandel-und-immobilienmarkt-schweiz-warum-altersgerechtes-wohnen-zunehmend-an-bedeutung-gewinnt\/\" \/>\n<meta property=\"og:locale\" content=\"es_ES\" \/>\n<meta property=\"og:type\" content=\"article\" \/>\n<meta property=\"og:title\" content=\"Demografischer Wandel und Immobilienmarkt Schweiz: Warum Altersgerechtes Wohnen zunehmend an Bedeutung gewinnt\" \/>\n<meta property=\"og:description\" content=\"Der Schweizer Immobilienmarkt befindet sich in einer Phase struktureller Ver\u00e4nderungen. W\u00e4hrend in den vergangenen Jahren vor allem Zinssituation, Preisentwicklung und Wohnraummangel im Fokus standen, r\u00fcckt nun ein langfristiger Treiber immer st\u00e4rker in den Mittelpunkt: der demografische Wandel.\" \/>\n<meta property=\"og:url\" content=\"https:\/\/we-net.ch\/demografischer-wandel-und-immobilienmarkt-schweiz-warum-altersgerechtes-wohnen-zunehmend-an-bedeutung-gewinnt\/\" \/>\n<meta property=\"og:site_name\" content=\"WENET AG\" \/>\n<meta property=\"article:published_time\" content=\"2026-03-02T08:08:31+00:00\" \/>\n<meta property=\"article:modified_time\" content=\"2026-03-03T09:11:14+00:00\" \/>\n<meta property=\"og:image\" content=\"https:\/\/we-net.ch\/wp-content\/uploads\/2026\/03\/2Mar-2.jpg\" \/>\n\t<meta property=\"og:image:width\" content=\"1215\" \/>\n\t<meta property=\"og:image:height\" content=\"635\" \/>\n\t<meta property=\"og:image:type\" content=\"image\/jpeg\" \/>\n<meta name=\"author\" content=\"frontend-artur\" \/>\n<meta name=\"twitter:card\" content=\"summary_large_image\" \/>\n<meta name=\"twitter:label1\" content=\"Escrito por\" \/>\n\t<meta name=\"twitter:data1\" content=\"frontend-artur\" \/>\n\t<meta name=\"twitter:label2\" content=\"Tiempo de lectura\" \/>\n\t<meta name=\"twitter:data2\" content=\"4 minutos\" \/>\n<!-- \/ Yoast SEO Premium plugin. -->","yoast_head_json":{"title":"Por qu\u00e9 es cada vez m\u00e1s importante una vida adaptada a la edad - WENET AG","description":"El mercado inmobiliario suizo est\u00e1 atravesando una fase de cambio estructural. Aunque en los \u00faltimos a\u00f1os la atenci\u00f3n se ha centrado principalmente en la situaci\u00f3n de los tipos de inter\u00e9s, la evoluci\u00f3n de los precios y la escasez de viviendas, ahora hay un factor a largo plazo que est\u00e1 adquiriendo cada vez m\u00e1s protagonismo: el cambio demogr\u00e1fico.","robots":{"index":"index","follow":"follow","max-snippet":"max-snippet:-1","max-image-preview":"max-image-preview:large","max-video-preview":"max-video-preview:-1"},"canonical":"https:\/\/we-net.ch\/demografischer-wandel-und-immobilienmarkt-schweiz-warum-altersgerechtes-wohnen-zunehmend-an-bedeutung-gewinnt\/","og_locale":"es_ES","og_type":"article","og_title":"Demografischer Wandel und Immobilienmarkt Schweiz: Warum Altersgerechtes Wohnen zunehmend an Bedeutung gewinnt","og_description":"Der Schweizer Immobilienmarkt befindet sich in einer Phase struktureller Ver\u00e4nderungen. W\u00e4hrend in den vergangenen Jahren vor allem Zinssituation, Preisentwicklung und Wohnraummangel im Fokus standen, r\u00fcckt nun ein langfristiger Treiber immer st\u00e4rker in den Mittelpunkt: der demografische Wandel.","og_url":"https:\/\/we-net.ch\/demografischer-wandel-und-immobilienmarkt-schweiz-warum-altersgerechtes-wohnen-zunehmend-an-bedeutung-gewinnt\/","og_site_name":"WENET AG","article_published_time":"2026-03-02T08:08:31+00:00","article_modified_time":"2026-03-03T09:11:14+00:00","og_image":[{"width":1215,"height":635,"url":"https:\/\/we-net.ch\/wp-content\/uploads\/2026\/03\/2Mar-2.jpg","type":"image\/jpeg"}],"author":"frontend-artur","twitter_card":"summary_large_image","twitter_misc":{"Escrito por":"frontend-artur","Tiempo de lectura":"4 minutos"},"schema":{"@context":"https:\/\/schema.org","@graph":[{"@type":"Article","@id":"https:\/\/we-net.ch\/demografischer-wandel-und-immobilienmarkt-schweiz-warum-altersgerechtes-wohnen-zunehmend-an-bedeutung-gewinnt\/#article","isPartOf":{"@id":"https:\/\/we-net.ch\/demografischer-wandel-und-immobilienmarkt-schweiz-warum-altersgerechtes-wohnen-zunehmend-an-bedeutung-gewinnt\/"},"author":{"name":"frontend-artur","@id":"https:\/\/we-net.ch\/#\/schema\/person\/d161870c00da773f334320e0e00ebb11"},"headline":"Demografischer Wandel und Immobilienmarkt Schweiz: Warum Altersgerechtes Wohnen zunehmend an Bedeutung gewinnt","datePublished":"2026-03-02T08:08:31+00:00","dateModified":"2026-03-03T09:11:14+00:00","mainEntityOfPage":{"@id":"https:\/\/we-net.ch\/demografischer-wandel-und-immobilienmarkt-schweiz-warum-altersgerechtes-wohnen-zunehmend-an-bedeutung-gewinnt\/"},"wordCount":838,"publisher":{"@id":"https:\/\/we-net.ch\/#organization"},"image":{"@id":"https:\/\/we-net.ch\/demografischer-wandel-und-immobilienmarkt-schweiz-warum-altersgerechtes-wohnen-zunehmend-an-bedeutung-gewinnt\/#primaryimage"},"thumbnailUrl":"https:\/\/staging.we-net.ch\/wp-content\/uploads\/2026\/03\/2Mar-2.jpg","keywords":["Immobilien Schweiz","Immobilienetwicklung","Immobilienprojekte"],"articleSection":["Immobilienmarkt Schweiz","Wohntrends in der Schweiz"],"inLanguage":"es"},{"@type":"WebPage","@id":"https:\/\/we-net.ch\/demografischer-wandel-und-immobilienmarkt-schweiz-warum-altersgerechtes-wohnen-zunehmend-an-bedeutung-gewinnt\/","url":"https:\/\/we-net.ch\/demografischer-wandel-und-immobilienmarkt-schweiz-warum-altersgerechtes-wohnen-zunehmend-an-bedeutung-gewinnt\/","name":"Por qu\u00e9 es cada vez m\u00e1s importante una vida adaptada a la edad - WENET AG","isPartOf":{"@id":"https:\/\/we-net.ch\/#website"},"primaryImageOfPage":{"@id":"https:\/\/we-net.ch\/demografischer-wandel-und-immobilienmarkt-schweiz-warum-altersgerechtes-wohnen-zunehmend-an-bedeutung-gewinnt\/#primaryimage"},"image":{"@id":"https:\/\/we-net.ch\/demografischer-wandel-und-immobilienmarkt-schweiz-warum-altersgerechtes-wohnen-zunehmend-an-bedeutung-gewinnt\/#primaryimage"},"thumbnailUrl":"https:\/\/staging.we-net.ch\/wp-content\/uploads\/2026\/03\/2Mar-2.jpg","datePublished":"2026-03-02T08:08:31+00:00","dateModified":"2026-03-03T09:11:14+00:00","description":"El mercado inmobiliario suizo est\u00e1 atravesando una fase de cambio estructural. Aunque en los \u00faltimos a\u00f1os la atenci\u00f3n se ha centrado principalmente en la situaci\u00f3n de los tipos de inter\u00e9s, la evoluci\u00f3n de los precios y la escasez de viviendas, ahora hay un factor a largo plazo que est\u00e1 adquiriendo cada vez m\u00e1s protagonismo: el cambio demogr\u00e1fico.","breadcrumb":{"@id":"https:\/\/we-net.ch\/demografischer-wandel-und-immobilienmarkt-schweiz-warum-altersgerechtes-wohnen-zunehmend-an-bedeutung-gewinnt\/#breadcrumb"},"inLanguage":"es","potentialAction":[{"@type":"ReadAction","target":["https:\/\/we-net.ch\/demografischer-wandel-und-immobilienmarkt-schweiz-warum-altersgerechtes-wohnen-zunehmend-an-bedeutung-gewinnt\/"]}]},{"@type":"ImageObject","inLanguage":"es","@id":"https:\/\/we-net.ch\/demografischer-wandel-und-immobilienmarkt-schweiz-warum-altersgerechtes-wohnen-zunehmend-an-bedeutung-gewinnt\/#primaryimage","url":"https:\/\/staging.we-net.ch\/wp-content\/uploads\/2026\/03\/2Mar-2.jpg","contentUrl":"https:\/\/staging.we-net.ch\/wp-content\/uploads\/2026\/03\/2Mar-2.jpg","width":1215,"height":635},{"@type":"BreadcrumbList","@id":"https:\/\/we-net.ch\/demografischer-wandel-und-immobilienmarkt-schweiz-warum-altersgerechtes-wohnen-zunehmend-an-bedeutung-gewinnt\/#breadcrumb","itemListElement":[{"@type":"ListItem","position":1,"name":"Startseite","item":"https:\/\/we-net.ch\/"},{"@type":"ListItem","position":2,"name":"Demografischer Wandel und Immobilienmarkt Schweiz: Warum Altersgerechtes Wohnen zunehmend an Bedeutung gewinnt"}]},{"@type":"WebSite","@id":"https:\/\/we-net.ch\/#website","url":"https:\/\/we-net.ch\/","name":"WENET AG","description":"Inmobiliario","publisher":{"@id":"https:\/\/we-net.ch\/#organization"},"potentialAction":[{"@type":"SearchAction","target":{"@type":"EntryPoint","urlTemplate":"https:\/\/we-net.ch\/?s={search_term_string}"},"query-input":{"@type":"PropertyValueSpecification","valueRequired":true,"valueName":"search_term_string"}}],"inLanguage":"es"},{"@type":"Organization","@id":"https:\/\/we-net.ch\/#organization","name":"WENET AG","url":"https:\/\/we-net.ch\/","logo":{"@type":"ImageObject","inLanguage":"es","@id":"https:\/\/we-net.ch\/#\/schema\/logo\/image\/","url":"https:\/\/we-net.ch\/wp-content\/uploads\/2024\/11\/watermark2.png","contentUrl":"https:\/\/we-net.ch\/wp-content\/uploads\/2024\/11\/watermark2.png","width":800,"height":107,"caption":"WENET AG"},"image":{"@id":"https:\/\/we-net.ch\/#\/schema\/logo\/image\/"}},{"@type":"Person","@id":"https:\/\/we-net.ch\/#\/schema\/person\/d161870c00da773f334320e0e00ebb11","name":"frontend-artur"}]}},"_links":{"self":[{"href":"https:\/\/staging.we-net.ch\/es\/wp-json\/wp\/v2\/posts\/181130","targetHints":{"allow":["GET"]}}],"collection":[{"href":"https:\/\/staging.we-net.ch\/es\/wp-json\/wp\/v2\/posts"}],"about":[{"href":"https:\/\/staging.we-net.ch\/es\/wp-json\/wp\/v2\/types\/post"}],"author":[{"embeddable":true,"href":"https:\/\/staging.we-net.ch\/es\/wp-json\/wp\/v2\/users\/9039"}],"replies":[{"embeddable":true,"href":"https:\/\/staging.we-net.ch\/es\/wp-json\/wp\/v2\/comments?post=181130"}],"version-history":[{"count":35,"href":"https:\/\/staging.we-net.ch\/es\/wp-json\/wp\/v2\/posts\/181130\/revisions"}],"predecessor-version":[{"id":181268,"href":"https:\/\/staging.we-net.ch\/es\/wp-json\/wp\/v2\/posts\/181130\/revisions\/181268"}],"wp:featuredmedia":[{"embeddable":true,"href":"https:\/\/staging.we-net.ch\/es\/wp-json\/wp\/v2\/media\/181265"}],"wp:attachment":[{"href":"https:\/\/staging.we-net.ch\/es\/wp-json\/wp\/v2\/media?parent=181130"}],"wp:term":[{"taxonomy":"category","embeddable":true,"href":"https:\/\/staging.we-net.ch\/es\/wp-json\/wp\/v2\/categories?post=181130"},{"taxonomy":"post_tag","embeddable":true,"href":"https:\/\/staging.we-net.ch\/es\/wp-json\/wp\/v2\/tags?post=181130"},{"taxonomy":"post_folder","embeddable":true,"href":"https:\/\/staging.we-net.ch\/es\/wp-json\/wp\/v2\/post_folder?post=181130"}],"curies":[{"name":"wp","href":"https:\/\/api.w.org\/{rel}","templated":true}]}}