{"id":130463,"date":"2025-04-15T10:36:43","date_gmt":"2025-04-15T08:36:43","guid":{"rendered":"https:\/\/we-net.ch\/?p=130463"},"modified":"2025-04-15T10:36:45","modified_gmt":"2025-04-15T08:36:45","slug":"tendencias-de-vida-2025-suiza","status":"publish","type":"post","link":"https:\/\/staging.we-net.ch\/es\/tendencias-de-vida-2025-suiza\/","title":{"rendered":"Tendencias de vida 2025 en Suiza: sostenible, inteligente y con estilo"},"content":{"rendered":"<p>Las tendencias de vida en Suiza para 2025 reflejan el deseo de sostenibilidad, individualidad y dise\u00f1o funcional. Ya sea para construir una casa, amueblar un hogar o elegir una propiedad, los suizos se centran cada vez m\u00e1s en la sostenibilidad, la individualidad y el dise\u00f1o funcional. <strong>Materiales naturales, soluciones inteligentes y colores atrevidos<\/strong>. Esta evoluci\u00f3n no s\u00f3lo influye en el dise\u00f1o de los espacios vitales, sino tambi\u00e9n en los requisitos de las ofertas inmobiliarias.<\/p>\n\n\n\n<h2 class=\"wp-block-heading\" id=\"h-1-nachhaltigkeit-und-naturliche-materialien\">1. sostenibilidad y materiales naturales<\/h2>\n\n\n\n<p>La sostenibilidad sigue siendo un tema clave en el sector suizo del hogar. Los muebles fabricados con madera certificada FSC, vidrio reciclado y tejidos naturales como el lino y el algod\u00f3n son especialmente populares. Estos materiales confieren al hogar un toque c\u00e1lido y org\u00e1nico y demuestran una creciente conciencia de responsabilidad ecol\u00f3gica.<\/p>\n\n\n\n<p>La elecci\u00f3n de <a href=\"https:\/\/we-net.ch\/immobilien\/\">Inmobiliario<\/a> La sostenibilidad es cada vez m\u00e1s importante. Cada vez m\u00e1s propietarios invierten en sistemas solares y tecnolog\u00edas de eficiencia energ\u00e9tica para reducir su huella ecol\u00f3gica.<\/p>\n\n\n\n<h2 class=\"wp-block-heading\" id=\"h-2-farbtrends-mut-zur-farbe\">2. tendencias de color: el valor de utilizar el color<\/h2>\n\n\n\n<p>En 2025, los tonos tierra como el beige, el arena y el terracota dominan la paleta de colores. Los colores acentuados, como el azul oscuro, el verde bosque o el ocre, crean reflejos espec\u00edficos sin sobrecargar la habitaci\u00f3n. Otra tendencia es el retorno de los degradados de color, como las paredes ombre y los textiles con transiciones suaves que confieren profundidad y elegancia a las estancias.<\/p>\n\n\n\n<h2 class=\"wp-block-heading\" id=\"h-3-multifunktionale-mobel-und-smarte-raumlosungen\">3. muebles multifuncionales y soluciones inteligentes para las habitaciones<\/h2>\n\n\n\n<p>En las zonas urbanas, donde el espacio vital suele ser limitado, se demandan muebles multifuncionales. Los sof\u00e1s con espacio de almacenamiento integrado o zonas para dormir desplegables permiten aprovechar al m\u00e1ximo el espacio sin renunciar a la comodidad y el estilo.<\/p>\n\n\n\n<h2 class=\"wp-block-heading\" id=\"h-4-organische-formen-und-gemutlichkeit\">4 Formas org\u00e1nicas y acogedoras<\/h2>\n\n\n\n<p>La tendencia avanza hacia formas org\u00e1nicas y redondeadas que tienen un efecto tranquilizador y promueven una actitud desacelerada ante la vida. Materiales naturales como la madera, la lana y la piedra complementan este estilo y crean un ambiente acogedor.<\/p>\n\n\n\n<h2 class=\"wp-block-heading\" id=\"h-5-retro-revival-und-mix-amp-match\">5. retro revival y mix &amp; match<\/h2>\n\n\n\n<p>Los estilos de decoraci\u00f3n que combinan muebles antiguos con nuevos est\u00e1n de moda. Vuelven los muebles antiguos con car\u00e1cter y el estilo retro de los a\u00f1os 70, con motivos psicod\u00e9licos y colores c\u00e1lidos. La expresi\u00f3n individual ocupa un lugar central, con una armoniosa mezcla de estilos y \u00e9pocas.<\/p>\n\n\n\n<p><\/p>\n\n\n\n<p>\u00bfEst\u00e1 buscando un inmueble que se adapte a su estilo de vida individual? En WENET AG encontrar\u00e1 una amplia gama de ofertas inmobiliarias en toda Suiza: desde pisos modernos hasta viviendas familiares sostenibles. Descubra la variedad de posibilidades para hacer realidad las \u00faltimas tendencias de vida en su futuro hogar. <a href=\"https:\/\/we-net.ch\/kontakt\/\">Ases\u00f3rese ahora<\/a> y vive a lo grande con WENET.<br><\/p>","protected":false},"excerpt":{"rendered":"<p>Las tendencias de vida en Suiza para 2025 reflejan el deseo de sostenibilidad, individualidad y dise\u00f1o funcional. Ya sea para construir una casa, amueblarla o elegir un inmueble, los suizos optan cada vez m\u00e1s por materiales naturales, soluciones inteligentes para los espacios y conceptos crom\u00e1ticos atrevidos. Estos avances no s\u00f3lo influyen en el dise\u00f1o de los espacios vitales, sino tambi\u00e9n en la<\/p>","protected":false},"author":5254,"featured_media":130489,"comment_status":"closed","ping_status":"open","sticky":false,"template":"","format":"standard","meta":{"_acf_changed":false,"_rtcl_gb_attr":"","inline_featured_image":false,"footnotes":""},"categories":[13471,13475,7,13476],"tags":[13483,13484,13486,13485,13488,13487],"post_folder":[],"class_list":["post-130463","post","type-post","status-publish","format-standard","has-post-thumbnail","hentry","category-immobilienkauf-in-der-schweiz","category-nachhaltiges-bauen","category-ratgeber","category-wohntrends-in-der-schweiz","tag-einrichtungstrends","tag-immobilien-schweiz","tag-inneneinrichtung","tag-nachhaltiges-wohnen","tag-wohndesign","tag-wohntrends-2025"],"acf":[],"yoast_head":"<!-- This site is optimized with the Yoast SEO Premium plugin v24.2 (Yoast SEO v27.1.1) - https:\/\/yoast.com\/product\/yoast-seo-premium-wordpress\/ -->\n<title>Wohntrends 2025 Schweiz: Nachhaltig, smart und stilvoll - WENET AG<\/title>\n<meta name=\"description\" content=\"Entdecke die Wohntrends 2025 in der Schweiz: Nachhaltigkeit, Farbe &amp; Funktionalit\u00e4t f\u00fcr dein Zuhause. Jetzt inspirieren lassen mit WENET AG.\" \/>\n<meta name=\"robots\" content=\"index, follow, max-snippet:-1, max-image-preview:large, max-video-preview:-1\" \/>\n<link rel=\"canonical\" href=\"https:\/\/we-net.ch\/wohntrends-2025-schweiz\/\" \/>\n<meta property=\"og:locale\" content=\"es_ES\" \/>\n<meta property=\"og:type\" content=\"article\" \/>\n<meta property=\"og:title\" content=\"Wohntrends 2025 in der Schweiz: Nachhaltig, smart und stilvoll\" \/>\n<meta property=\"og:description\" content=\"Entdecke die Wohntrends 2025 in der Schweiz: Nachhaltigkeit, Farbe &amp; Funktionalit\u00e4t f\u00fcr dein Zuhause. Jetzt inspirieren lassen mit WENET AG.\" \/>\n<meta property=\"og:url\" content=\"https:\/\/we-net.ch\/wohntrends-2025-schweiz\/\" \/>\n<meta property=\"og:site_name\" content=\"WENET AG\" \/>\n<meta property=\"article:published_time\" content=\"2025-04-15T08:36:43+00:00\" \/>\n<meta property=\"article:modified_time\" content=\"2025-04-15T08:36:45+00:00\" \/>\n<meta property=\"og:image\" content=\"https:\/\/we-net.ch\/wp-content\/uploads\/2025\/04\/pexels-fotoaibe-1643383-scaled.jpg\" \/>\n\t<meta property=\"og:image:width\" content=\"2560\" \/>\n\t<meta property=\"og:image:height\" content=\"1685\" \/>\n\t<meta property=\"og:image:type\" content=\"image\/jpeg\" \/>\n<meta name=\"author\" content=\"Alice Lenx\" \/>\n<meta name=\"twitter:card\" content=\"summary_large_image\" \/>\n<meta name=\"twitter:label1\" content=\"Escrito por\" \/>\n\t<meta name=\"twitter:data1\" content=\"Alice Lenx\" \/>\n\t<meta name=\"twitter:label2\" content=\"Tiempo de lectura\" \/>\n\t<meta name=\"twitter:data2\" content=\"2 minutos\" \/>\n<!-- \/ Yoast SEO Premium plugin. -->","yoast_head_json":{"title":"Tendencias de vida 2025 Suiza: Sostenible, inteligente y con estilo - WENET AG","description":"Descubra las tendencias 2025 en Suiza: sostenibilidad, color y funcionalidad para su hogar. Insp\u00edrate ahora con WENET AG.","robots":{"index":"index","follow":"follow","max-snippet":"max-snippet:-1","max-image-preview":"max-image-preview:large","max-video-preview":"max-video-preview:-1"},"canonical":"https:\/\/we-net.ch\/wohntrends-2025-schweiz\/","og_locale":"es_ES","og_type":"article","og_title":"Wohntrends 2025 in der Schweiz: Nachhaltig, smart und stilvoll","og_description":"Entdecke die Wohntrends 2025 in der Schweiz: Nachhaltigkeit, Farbe & Funktionalit\u00e4t f\u00fcr dein Zuhause. Jetzt inspirieren lassen mit WENET AG.","og_url":"https:\/\/we-net.ch\/wohntrends-2025-schweiz\/","og_site_name":"WENET AG","article_published_time":"2025-04-15T08:36:43+00:00","article_modified_time":"2025-04-15T08:36:45+00:00","og_image":[{"width":2560,"height":1685,"url":"https:\/\/we-net.ch\/wp-content\/uploads\/2025\/04\/pexels-fotoaibe-1643383-scaled.jpg","type":"image\/jpeg"}],"author":"Alice Lenx","twitter_card":"summary_large_image","twitter_misc":{"Escrito por":"Alice Lenx","Tiempo de lectura":"2 minutos"},"schema":{"@context":"https:\/\/schema.org","@graph":[{"@type":"Article","@id":"https:\/\/we-net.ch\/wohntrends-2025-schweiz\/#article","isPartOf":{"@id":"https:\/\/we-net.ch\/wohntrends-2025-schweiz\/"},"author":{"name":"Alice Lenx","@id":"https:\/\/we-net.ch\/#\/schema\/person\/c8a1f75d5c220e830b9645a28fc5aa85"},"headline":"Wohntrends 2025 in der Schweiz: Nachhaltig, smart und stilvoll","datePublished":"2025-04-15T08:36:43+00:00","dateModified":"2025-04-15T08:36:45+00:00","mainEntityOfPage":{"@id":"https:\/\/we-net.ch\/wohntrends-2025-schweiz\/"},"wordCount":399,"publisher":{"@id":"https:\/\/we-net.ch\/#organization"},"image":{"@id":"https:\/\/we-net.ch\/wohntrends-2025-schweiz\/#primaryimage"},"thumbnailUrl":"https:\/\/staging.we-net.ch\/wp-content\/uploads\/2025\/04\/pexels-fotoaibe-1643383-scaled.jpg","keywords":["Einrichtungstrends","Immobilien Schweiz","Inneneinrichtung","Nachhaltiges Wohnen","Wohndesign","Wohntrends 2025"],"articleSection":["Immobilienkauf in der Schweiz","Nachhaltiges Bauen","Ratgeber","Wohntrends in der Schweiz"],"inLanguage":"es"},{"@type":"WebPage","@id":"https:\/\/we-net.ch\/wohntrends-2025-schweiz\/","url":"https:\/\/we-net.ch\/wohntrends-2025-schweiz\/","name":"Tendencias de vida 2025 Suiza: Sostenible, inteligente y con estilo - WENET AG","isPartOf":{"@id":"https:\/\/we-net.ch\/#website"},"primaryImageOfPage":{"@id":"https:\/\/we-net.ch\/wohntrends-2025-schweiz\/#primaryimage"},"image":{"@id":"https:\/\/we-net.ch\/wohntrends-2025-schweiz\/#primaryimage"},"thumbnailUrl":"https:\/\/staging.we-net.ch\/wp-content\/uploads\/2025\/04\/pexels-fotoaibe-1643383-scaled.jpg","datePublished":"2025-04-15T08:36:43+00:00","dateModified":"2025-04-15T08:36:45+00:00","description":"Descubra las tendencias 2025 en Suiza: sostenibilidad, color y funcionalidad para su hogar. Insp\u00edrate ahora con WENET AG.","breadcrumb":{"@id":"https:\/\/we-net.ch\/wohntrends-2025-schweiz\/#breadcrumb"},"inLanguage":"es","potentialAction":[{"@type":"ReadAction","target":["https:\/\/we-net.ch\/wohntrends-2025-schweiz\/"]}]},{"@type":"ImageObject","inLanguage":"es","@id":"https:\/\/we-net.ch\/wohntrends-2025-schweiz\/#primaryimage","url":"https:\/\/staging.we-net.ch\/wp-content\/uploads\/2025\/04\/pexels-fotoaibe-1643383-scaled.jpg","contentUrl":"https:\/\/staging.we-net.ch\/wp-content\/uploads\/2025\/04\/pexels-fotoaibe-1643383-scaled.jpg","width":2560,"height":1685},{"@type":"BreadcrumbList","@id":"https:\/\/we-net.ch\/wohntrends-2025-schweiz\/#breadcrumb","itemListElement":[{"@type":"ListItem","position":1,"name":"Startseite","item":"https:\/\/we-net.ch\/"},{"@type":"ListItem","position":2,"name":"Wohntrends 2025 in der Schweiz: Nachhaltig, smart und stilvoll"}]},{"@type":"WebSite","@id":"https:\/\/we-net.ch\/#website","url":"https:\/\/we-net.ch\/","name":"WENET AG","description":"Inmobiliario","publisher":{"@id":"https:\/\/we-net.ch\/#organization"},"potentialAction":[{"@type":"SearchAction","target":{"@type":"EntryPoint","urlTemplate":"https:\/\/we-net.ch\/?s={search_term_string}"},"query-input":{"@type":"PropertyValueSpecification","valueRequired":true,"valueName":"search_term_string"}}],"inLanguage":"es"},{"@type":"Organization","@id":"https:\/\/we-net.ch\/#organization","name":"WENET AG","url":"https:\/\/we-net.ch\/","logo":{"@type":"ImageObject","inLanguage":"es","@id":"https:\/\/we-net.ch\/#\/schema\/logo\/image\/","url":"https:\/\/we-net.ch\/wp-content\/uploads\/2024\/11\/watermark2.png","contentUrl":"https:\/\/we-net.ch\/wp-content\/uploads\/2024\/11\/watermark2.png","width":800,"height":107,"caption":"WENET AG"},"image":{"@id":"https:\/\/we-net.ch\/#\/schema\/logo\/image\/"}},{"@type":"Person","@id":"https:\/\/we-net.ch\/#\/schema\/person\/c8a1f75d5c220e830b9645a28fc5aa85","name":"Alice Lenx"}]}},"_links":{"self":[{"href":"https:\/\/staging.we-net.ch\/es\/wp-json\/wp\/v2\/posts\/130463","targetHints":{"allow":["GET"]}}],"collection":[{"href":"https:\/\/staging.we-net.ch\/es\/wp-json\/wp\/v2\/posts"}],"about":[{"href":"https:\/\/staging.we-net.ch\/es\/wp-json\/wp\/v2\/types\/post"}],"author":[{"embeddable":true,"href":"https:\/\/staging.we-net.ch\/es\/wp-json\/wp\/v2\/users\/5254"}],"replies":[{"embeddable":true,"href":"https:\/\/staging.we-net.ch\/es\/wp-json\/wp\/v2\/comments?post=130463"}],"version-history":[{"count":0,"href":"https:\/\/staging.we-net.ch\/es\/wp-json\/wp\/v2\/posts\/130463\/revisions"}],"wp:featuredmedia":[{"embeddable":true,"href":"https:\/\/staging.we-net.ch\/es\/wp-json\/wp\/v2\/media\/130489"}],"wp:attachment":[{"href":"https:\/\/staging.we-net.ch\/es\/wp-json\/wp\/v2\/media?parent=130463"}],"wp:term":[{"taxonomy":"category","embeddable":true,"href":"https:\/\/staging.we-net.ch\/es\/wp-json\/wp\/v2\/categories?post=130463"},{"taxonomy":"post_tag","embeddable":true,"href":"https:\/\/staging.we-net.ch\/es\/wp-json\/wp\/v2\/tags?post=130463"},{"taxonomy":"post_folder","embeddable":true,"href":"https:\/\/staging.we-net.ch\/es\/wp-json\/wp\/v2\/post_folder?post=130463"}],"curies":[{"name":"wp","href":"https:\/\/api.w.org\/{rel}","templated":true}]}}